{"id":171012,"date":"2024-04-30T11:12:34","date_gmt":"2024-04-30T09:12:34","guid":{"rendered":"https:\/\/radiostargjilan.com\/web\/?p=171012"},"modified":"2024-04-30T11:12:34","modified_gmt":"2024-04-30T09:12:34","slug":"deklarata-per-lufte-ymeri-e-shoh-si-ndertim-te-fushates-per-zgjedhje-te-kurtit","status":"publish","type":"post","link":"https:\/\/radiostargjilan.com\/web\/deklarata-per-lufte-ymeri-e-shoh-si-ndertim-te-fushates-per-zgjedhje-te-kurtit\/","title":{"rendered":"Deklarata p\u00ebr luft\u00eb, Ymeri: E shoh si nd\u00ebrtim t\u00eb fushat\u00ebs p\u00ebr zgjedhje t\u00eb Kurtit"},"content":{"rendered":"<p>Analisti Visar Ymeri ka vler\u00ebsuar se dekoratat p\u00ebr luft\u00eb t\u00eb qeveritar\u00ebve nuk jan\u00eb serioze.<\/p>\n<p>Ai ka b\u00ebr\u00eb me dije se Serbia nuk \u00ebsht\u00eb e gatshme t\u00eb futet n\u00eb luft\u00eb me NATO-n.<\/p>\n<p>N\u00eb emisionin \u201cDebat Plus\u201d, Ymeri ka th\u00ebn\u00eb se k\u00ebto deklarata t\u00eb qeveritar\u00ebve i sheh si nd\u00ebrtim t\u00eb fushat\u00ebs.<\/p>\n<p>SHARE:<\/p>\n<p>Share<\/p>\n<p>Tweet<\/p>\n<p>Analisti Visar Ymeri ka vler\u00ebsuar se dekoratat p\u00ebr luft\u00eb t\u00eb qeveritar\u00ebve nuk jan\u00eb serioze.<\/p>\n<p>Ai ka b\u00ebr\u00eb me dije se Serbia nuk \u00ebsht\u00eb e gatshme t\u00eb futet n\u00eb luft\u00eb me NATO-n.<\/p>\n<p>N\u00eb emisionin \u201cDebat Plus\u201d, Ymeri ka th\u00ebn\u00eb se k\u00ebto deklarata t\u00eb qeveritar\u00ebve i sheh si nd\u00ebrtim t\u00eb fushat\u00ebs.<\/p>\n<p>recommended by<\/p>\n<p>EASYFLOW<br \/>\nVenat varikoze do t\u00eb zhduken p\u00ebr 3 dit\u00eb! P\u00ebrdoreni k\u00ebt\u00eb truk!<br \/>\nM\u00cbSO M\u00cb SHUM\u00cb<br \/>\nSipas tij, m\u00eb pas, kryeministri Kurti do t\u00eb profilizohet si shp\u00ebtues i Kosov\u00ebs.<\/p>\n<p>\u201cAjo q\u00eb un\u00eb e shoh si nd\u00ebrtim t\u00eb fushat\u00ebs p\u00ebr zgjedhje t\u00eb Kurtit, e pastaj faktori kryesor ka me qen\u00eb si profilizimi i vet\u00ebs si nj\u00eb politikan, nj\u00eb figur\u00eb babai i cili \u00ebsht\u00eb i vetmi i gatsh\u00ebm dhe ka mund\u00ebsi p\u00ebr me e mbrojt\u00eb Kosov\u00ebn dhe p\u00ebr me mbrojt\u00eb Kosov\u00ebn duhet me kriju edhe rrezikun, ne pajtohemi q\u00eb rreziku nga Serbia ekziston, por rreziku imanent q\u00eb do ta nd\u00ebrtoj\u00eb Kurti mendoj q\u00eb e ka k\u00ebt\u00eb q\u00ebllim\u201d, ka th\u00ebn\u00eb Ymeri.<\/p>\n","protected":false},"excerpt":{"rendered":"<p>Analisti Visar Ymeri ka vler\u00ebsuar se dekoratat p\u00ebr luft\u00eb t\u00eb qeveritar\u00ebve nuk jan\u00eb serioze. Ai ka b\u00ebr\u00eb me dije se Serbia nuk \u00ebsht\u00eb e gatshme t\u00eb futet n\u00eb luft\u00eb me NATO-n. N\u00eb emisionin \u201cDebat Plus\u201d, Ymeri ka th\u00ebn\u00eb se k\u00ebto deklarata t\u00eb qeveritar\u00ebve i sheh si nd\u00ebrtim t\u00eb fushat\u00ebs. SHARE: Share Tweet Analisti Visar Ymeri [&hellip;]<\/p>\n","protected":false},"author":1,"featured_media":171013,"comment_status":"closed","ping_status":"closed","sticky":false,"template":"","format":"standard","meta":{"footnotes":""},"categories":[5],"tags":[],"class_list":{"0":"post-171012","1":"post","2":"type-post","3":"status-publish","4":"format-standard","5":"has-post-thumbnail","7":"category-lajme"},"_links":{"self":[{"href":"https:\/\/radiostargjilan.com\/web\/wp-json\/wp\/v2\/posts\/171012","targetHints":{"allow":["GET"]}}],"collection":[{"href":"https:\/\/radiostargjilan.com\/web\/wp-json\/wp\/v2\/posts"}],"about":[{"href":"https:\/\/radiostargjilan.com\/web\/wp-json\/wp\/v2\/types\/post"}],"author":[{"embeddable":true,"href":"https:\/\/radiostargjilan.com\/web\/wp-json\/wp\/v2\/users\/1"}],"replies":[{"embeddable":true,"href":"https:\/\/radiostargjilan.com\/web\/wp-json\/wp\/v2\/comments?post=171012"}],"version-history":[{"count":0,"href":"https:\/\/radiostargjilan.com\/web\/wp-json\/wp\/v2\/posts\/171012\/revisions"}],"wp:featuredmedia":[{"embeddable":true,"href":"https:\/\/radiostargjilan.com\/web\/wp-json\/wp\/v2\/media\/171013"}],"wp:attachment":[{"href":"https:\/\/radiostargjilan.com\/web\/wp-json\/wp\/v2\/media?parent=171012"}],"wp:term":[{"taxonomy":"category","embeddable":true,"href":"https:\/\/radiostargjilan.com\/web\/wp-json\/wp\/v2\/categories?post=171012"},{"taxonomy":"post_tag","embeddable":true,"href":"https:\/\/radiostargjilan.com\/web\/wp-json\/wp\/v2\/tags?post=171012"}],"curies":[{"name":"wp","href":"https:\/\/api.w.org\/{rel}","templated":true}]}}