{"id":171170,"date":"2024-05-03T16:37:54","date_gmt":"2024-05-03T14:37:54","guid":{"rendered":"https:\/\/radiostargjilan.com\/web\/?p=171170"},"modified":"2024-05-03T16:37:54","modified_gmt":"2024-05-03T14:37:54","slug":"haradinaj-sunduesve-iu-pengon-liria-e-shprehjes-regres-alarmant-ne-kosove","status":"publish","type":"post","link":"https:\/\/radiostargjilan.com\/web\/haradinaj-sunduesve-iu-pengon-liria-e-shprehjes-regres-alarmant-ne-kosove\/","title":{"rendered":"Haradinaj: Sunduesve iu pengon liria e shprehjes, regres alarmant n\u00eb Kosov\u00eb"},"content":{"rendered":"<p>Kreu i AAK-s\u00eb, Ramush Haradinaj ka reaguar pasi Kosova sh\u00ebnoi r\u00ebnie p\u00ebr 19 vende n\u00eb indeksin vjetor p\u00ebr lirin\u00eb e medies nga \u201cReporter\u00ebt pa Kufij\u201d, duke u renditur e 75-ta nga 56-ta sa ishte vjet.<\/p>\n<p>Haradinaj ka th\u00ebn\u00eb se mbetet shqet\u00ebsuese qasja e eksponent\u00ebve t\u00eb pushtetit  ndaj mediave me sulmet e orkestruara, q\u00eb si\u00e7 thot\u00eb Haradinaj me tendenc\u00ebn p\u00ebr kontroll ndaj tyre.<\/p>\n<p>\u201cSunduesve i pengon liria e shprehjes, liria e mediave!Mbrojtja e gazetar\u00ebve dhe medias s\u00eb lir\u00eb \u00ebsht\u00eb nd\u00ebr parimet e panegociueshme dhe \u00ebsht\u00eb obligim institucional e shoq\u00ebror ta ruajm\u00eb dhe avancojm\u00eb k\u00ebt\u00eb segment t\u00eb liris\u00eb son\u00eb! Sot n\u00eb Dit\u00ebn Bot\u00ebrore t\u00eb Liris\u00eb s\u00eb Mediave, reflektojm\u00eb mbi r\u00ebnd\u00ebsin\u00eb e liris\u00eb s\u00eb fjal\u00ebs dhe liris\u00eb s\u00eb medias.<\/p>\n<p>Shqet\u00ebsues mbetet qasja e eksponent\u00ebve t\u00eb pushtetit me sulmet e orkestruara q\u00eb i b\u00ebjn\u00eb mediave dhe tendenca p\u00ebr kontroll ndaj tyre, duke sh\u00ebnuar regres alarmant sa i p\u00ebrket liris\u00eb s\u00eb medias, i v\u00ebrtetuar edhe nga raportet e instituicioneve kredibile nd\u00ebrkomb\u00ebtare. Q\u00ebndrojm\u00eb krah medias, n\u00eb mbrojtje e respekt ndaj fjal\u00ebs s\u00eb lir\u00eb!\u201d, ka shkruar Haradinaj.<\/p>\n","protected":false},"excerpt":{"rendered":"<p>Kreu i AAK-s\u00eb, Ramush Haradinaj ka reaguar pasi Kosova sh\u00ebnoi r\u00ebnie p\u00ebr 19 vende n\u00eb indeksin vjetor p\u00ebr lirin\u00eb e medies nga \u201cReporter\u00ebt pa Kufij\u201d, duke u renditur e 75-ta nga 56-ta sa ishte vjet. Haradinaj ka th\u00ebn\u00eb se mbetet shqet\u00ebsuese qasja e eksponent\u00ebve t\u00eb pushtetit ndaj mediave me sulmet e orkestruara, q\u00eb si\u00e7 thot\u00eb [&hellip;]<\/p>\n","protected":false},"author":1,"featured_media":170320,"comment_status":"closed","ping_status":"closed","sticky":false,"template":"","format":"standard","meta":{"footnotes":""},"categories":[5],"tags":[],"class_list":{"0":"post-171170","1":"post","2":"type-post","3":"status-publish","4":"format-standard","5":"has-post-thumbnail","7":"category-lajme"},"_links":{"self":[{"href":"https:\/\/radiostargjilan.com\/web\/wp-json\/wp\/v2\/posts\/171170","targetHints":{"allow":["GET"]}}],"collection":[{"href":"https:\/\/radiostargjilan.com\/web\/wp-json\/wp\/v2\/posts"}],"about":[{"href":"https:\/\/radiostargjilan.com\/web\/wp-json\/wp\/v2\/types\/post"}],"author":[{"embeddable":true,"href":"https:\/\/radiostargjilan.com\/web\/wp-json\/wp\/v2\/users\/1"}],"replies":[{"embeddable":true,"href":"https:\/\/radiostargjilan.com\/web\/wp-json\/wp\/v2\/comments?post=171170"}],"version-history":[{"count":0,"href":"https:\/\/radiostargjilan.com\/web\/wp-json\/wp\/v2\/posts\/171170\/revisions"}],"wp:featuredmedia":[{"embeddable":true,"href":"https:\/\/radiostargjilan.com\/web\/wp-json\/wp\/v2\/media\/170320"}],"wp:attachment":[{"href":"https:\/\/radiostargjilan.com\/web\/wp-json\/wp\/v2\/media?parent=171170"}],"wp:term":[{"taxonomy":"category","embeddable":true,"href":"https:\/\/radiostargjilan.com\/web\/wp-json\/wp\/v2\/categories?post=171170"},{"taxonomy":"post_tag","embeddable":true,"href":"https:\/\/radiostargjilan.com\/web\/wp-json\/wp\/v2\/tags?post=171170"}],"curies":[{"name":"wp","href":"https:\/\/api.w.org\/{rel}","templated":true}]}}