{"id":171175,"date":"2024-05-03T16:52:44","date_gmt":"2024-05-03T14:52:44","guid":{"rendered":"https:\/\/radiostargjilan.com\/web\/?p=171175"},"modified":"2024-05-03T16:52:44","modified_gmt":"2024-05-03T14:52:44","slug":"osmani-raportimi-i-medieve-kyc-per-te-deshmuar-para-botes-sulmin-ne-banjske","status":"publish","type":"post","link":"https:\/\/radiostargjilan.com\/web\/osmani-raportimi-i-medieve-kyc-per-te-deshmuar-para-botes-sulmin-ne-banjske\/","title":{"rendered":"Osmani: Raportimi i medieve ky\u00e7 p\u00ebr t\u00eb d\u00ebshmuar para bot\u00ebs sulmin n\u00eb Banjsk\u00eb"},"content":{"rendered":"<p>Liria e shtypit \u00ebsht\u00eb e drejt\u00eb themelore e njeriut, thelb\u00ebsore p\u00ebr demokracin\u00eb dhe t\u00eb v\u00ebrtet\u00ebn.<\/p>\n<p>Presidentja e Kosov\u00ebs, Vjosa Osmani, ka th\u00ebn\u00eb se mb\u00ebshtesin gazetar\u00ebt p\u00ebr t\u00eb raportuar pa frik\u00eb dhe censur\u00eb.<\/p>\n<p>N\u00eb nj\u00eb deklarat\u00eb p\u00ebr media me rastin e Dit\u00ebs Bot\u00ebrore t\u00eb Liris\u00eb s\u00eb Shtypit, presidentja ka th\u00ebn\u00eb se raportimi i medieve ka qen\u00eb ky\u00e7 p\u00ebr institucionet e Kosov\u00ebs t\u00eb mund ta d\u00ebshmojn\u00eb t\u00eb v\u00ebrtet\u00ebn p\u00ebr sulmin terrorist t\u00eb kryer nga grupi paraushtarak serb n\u00eb Banjsk\u00eb.<\/p>\n<p>\u201cN\u00eb Dit\u00ebn Bot\u00ebrore t\u00eb Liris\u00eb s\u00eb Shtypit mb\u00ebshtesim dhe inkurajojm\u00eb gazetar\u00ebt, sikurse edhe riafirmojm\u00eb angazhimin ton\u00eb p\u00ebr ta mbrojtur t\u00eb drejt\u00ebn e tyre p\u00ebr t\u00eb raportuar pa frik\u00eb dhe censur\u00eb, si dhe p\u00ebr ta mbrojtur sigurin\u00eb e tyre kur ata raportojn\u00eb nga vende ku ka munges\u00eb sigurie. Si\u00e7 u d\u00ebshmua edhe pas sulmit t\u00eb agresionit t\u00eb Serbis\u00eb m\u00eb 24 shtator 2023 dhe dit\u00ebt q\u00eb pasuan, roli dhe raportimi i mediave ka qen\u00eb ky\u00e7 n\u00eb m\u00ebnyr\u00eb q\u00eb institucionet e Kosov\u00ebs t\u00eb mund ta d\u00ebshmojn\u00eb para bot\u00ebs t\u00eb v\u00ebrtet\u00ebn rreth atij sulmi\u201d, ka th\u00ebn\u00eb Osmani, p\u00ebrcjell teve1.info<\/p>\n<p>Ajo ka th\u00ebn\u00eb se n\u00eb koh\u00ebn kur po k\u00ebrc\u00ebnohet paqja e stabilitetit n\u00eb bot\u00eb, beteja kund\u00ebr lajmeve t\u00eb rreme \u00ebsht\u00eb urgjente.<\/p>\n<p>\u201cN\u00eb nj\u00eb periudh\u00eb t\u00eb mbingarkes\u00ebs me informacione dhe kur po k\u00ebrc\u00ebnohen paqja e stabiliteti n\u00eb bot\u00eb dhe n\u00eb rajonin ton\u00eb, beteja kund\u00ebr lajmeve t\u00eb rreme dhe dezinformatave nuk ka qen\u00eb kurr\u00eb m\u00eb urgjente\u201d, ka th\u00ebn\u00eb presidentja.<\/p>\n<p>Sipas raportit t\u00eb Reporter\u00ebve Pa Kufij, Kosova ka sh\u00ebnuar r\u00ebnie p\u00ebr 19 vende sa i p\u00ebrket liris\u00eb se medieve.<\/p>\n","protected":false},"excerpt":{"rendered":"<p>Liria e shtypit \u00ebsht\u00eb e drejt\u00eb themelore e njeriut, thelb\u00ebsore p\u00ebr demokracin\u00eb dhe t\u00eb v\u00ebrtet\u00ebn. Presidentja e Kosov\u00ebs, Vjosa Osmani, ka th\u00ebn\u00eb se mb\u00ebshtesin gazetar\u00ebt p\u00ebr t\u00eb raportuar pa frik\u00eb dhe censur\u00eb. N\u00eb nj\u00eb deklarat\u00eb p\u00ebr media me rastin e Dit\u00ebs Bot\u00ebrore t\u00eb Liris\u00eb s\u00eb Shtypit, presidentja ka th\u00ebn\u00eb se raportimi i medieve ka qen\u00eb [&hellip;]<\/p>\n","protected":false},"author":1,"featured_media":171177,"comment_status":"closed","ping_status":"closed","sticky":false,"template":"","format":"standard","meta":{"footnotes":""},"categories":[5],"tags":[],"class_list":{"0":"post-171175","1":"post","2":"type-post","3":"status-publish","4":"format-standard","5":"has-post-thumbnail","7":"category-lajme"},"_links":{"self":[{"href":"https:\/\/radiostargjilan.com\/web\/wp-json\/wp\/v2\/posts\/171175","targetHints":{"allow":["GET"]}}],"collection":[{"href":"https:\/\/radiostargjilan.com\/web\/wp-json\/wp\/v2\/posts"}],"about":[{"href":"https:\/\/radiostargjilan.com\/web\/wp-json\/wp\/v2\/types\/post"}],"author":[{"embeddable":true,"href":"https:\/\/radiostargjilan.com\/web\/wp-json\/wp\/v2\/users\/1"}],"replies":[{"embeddable":true,"href":"https:\/\/radiostargjilan.com\/web\/wp-json\/wp\/v2\/comments?post=171175"}],"version-history":[{"count":0,"href":"https:\/\/radiostargjilan.com\/web\/wp-json\/wp\/v2\/posts\/171175\/revisions"}],"wp:featuredmedia":[{"embeddable":true,"href":"https:\/\/radiostargjilan.com\/web\/wp-json\/wp\/v2\/media\/171177"}],"wp:attachment":[{"href":"https:\/\/radiostargjilan.com\/web\/wp-json\/wp\/v2\/media?parent=171175"}],"wp:term":[{"taxonomy":"category","embeddable":true,"href":"https:\/\/radiostargjilan.com\/web\/wp-json\/wp\/v2\/categories?post=171175"},{"taxonomy":"post_tag","embeddable":true,"href":"https:\/\/radiostargjilan.com\/web\/wp-json\/wp\/v2\/tags?post=171175"}],"curies":[{"name":"wp","href":"https:\/\/api.w.org\/{rel}","templated":true}]}}