{"id":171845,"date":"2024-05-16T15:30:36","date_gmt":"2024-05-16T13:30:36","guid":{"rendered":"https:\/\/radiostargjilan.com\/web\/?p=171845"},"modified":"2024-05-16T15:30:36","modified_gmt":"2024-05-16T13:30:36","slug":"presidenca-letra-e-qeverise-derguar-ne-kie-nuk-eshte-konsultuar-dhe-dakorduar-me-presidenten-osmani","status":"publish","type":"post","link":"https:\/\/radiostargjilan.com\/web\/presidenca-letra-e-qeverise-derguar-ne-kie-nuk-eshte-konsultuar-dhe-dakorduar-me-presidenten-osmani\/","title":{"rendered":"Presidenca: Letra e Qeveris\u00eb d\u00ebrguar n\u00eb KiE, nuk \u00ebsht\u00eb konsultuar dhe dakorduar me Presidenten Osmani"},"content":{"rendered":"<p>Presidenca e Kosov\u00ebs ka b\u00ebr\u00eb t\u00eb ditur se veprimi i  b\u00ebr\u00eb nga Qeveria e Kosov\u00ebs, konkretisht nga MPJD rreth draft-statutit t\u00eb Asociacionit dhe \u00e7\u00ebshtjes s\u00eb K\u00ebshillit t\u00eb Evrop\u00ebs, nuk \u00ebsht\u00eb konstultuar e as dakorduar me presideten Vjosa Osmani.<\/p>\n<p>K\u00ebshtu kan\u00eb b\u00ebr\u00eb t\u00eb ditur p\u00ebr Telegrafin, nga zyra p\u00ebr media e  presidentes Osmani.<\/p>\n<p>\u201cLetra e djeshme e Qeveris\u00eb s\u00eb Kosov\u00ebs d\u00ebrguar n\u00eb KIE, nuk \u00ebsht\u00eb konsultuar dhe dakorduar me Presidenten Osmani. Presidentja Osmani p\u00ebrkrah\u00eb vet\u00ebm q\u00ebndrime dhe veprime paraprakisht t\u00eb konsultuara, t\u00eb koordinuara dhe t\u00eb dakorduara me institucionin e Presidenc\u00ebs si institucion kushtetues me kompetenca t\u00eb qarta n\u00eb fush\u00ebn e politik\u00ebs s\u00eb jashtme dhe si gardian i funksionimit kushtetues t\u00eb institucioneve\u201d, ka deklaruar Bekim Kupina, k\u00ebshilltar p\u00ebr media i presidentes.<\/p>\n<p>Ai ka th\u00ebn\u00eb se kjo let\u00ebr nuk \u00ebsht\u00eb e till\u00eb dhe se mund t\u00eb jet\u00eb konsultuar e koordinuar me individ\u00eb jasht\u00eb institucioneve q\u00eb sot e kan\u00eb publikuar k\u00ebt\u00eb let\u00ebr, por jo me Presidenc\u00ebn.<\/p>\n<p>\u201c\u00c7do derivat i letr\u00ebs s\u00eb zotimeve t\u00eb n\u00ebnshkruar nga tri institucionet duhet paraprakisht po ashtu t\u00eb koordinohet dhe miratohet nga po k\u00ebto tri institucione. Presidentja Osmani gjat\u00eb gjith\u00eb dit\u00ebs po vazhdon konsultimet me aleat\u00ebt rreth \u00e7\u00ebshtjes s\u00eb an\u00ebtar\u00ebsimit n\u00eb K\u00ebshill t\u00eb Evrop\u00ebs, ashtu si\u00e7 ka b\u00ebr\u00eb p\u00ebr nj\u00eb koh\u00eb t\u00eb gjat\u00eb, me q\u00ebllim t\u00eb zhbllokimit t\u00eb k\u00ebtij procesi\u201d, u shpreh Kupina p\u00ebr Telegrafin.<\/p>\n<p>Tutje ai ka theksuar se \u201cPresidentja Osmani do ta mb\u00ebshtes\u00eb \u00e7do veprim n\u00eb drejtim t\u00eb realizimit t\u00eb k\u00ebtij synimi, n\u00eb p\u00ebrputhje t\u00eb plot\u00eb me interesat shtet\u00ebrore dhe Kushtetut\u00ebn e Republik\u00ebs s\u00eb Kosov\u00ebs. Prandaj edhe po b\u00ebn p\u00ebrpjekje q\u00eb shtetet an\u00ebtare t\u00eb binden q\u00eb sa m\u00eb par\u00eb q\u00eb t\u00eb jet\u00eb e mundur t\u00eb thirret nj\u00eb seanc\u00eb e jasht\u00ebzakonshme ku do t\u00eb votohet pro an\u00ebtar\u00ebsimit t\u00eb Kosov\u00ebs n\u00eb k\u00ebt\u00eb organizat\u00eb\u201d<\/p>\n<p>Ministrja e Jashtme, Donika G\u00ebrvalla, n\u00eb nj\u00eb let\u00ebr drejtuar presidentit t\u00eb Asambles\u00eb Parlamentare t\u00eb K\u00ebshillit t\u00eb Evrop\u00ebs, Theodoros Rousopoulos, ka th\u00ebn\u00eb se Qeveria e Kosov\u00ebs \u00ebsht\u00eb duke p\u00ebrgatitur nj\u00eb draft-statut p\u00ebr Asociacionin t\u00eb cilin \u00ebsht\u00eb zotuar ta d\u00ebrgoj\u00eb n\u00eb Gjykat\u00ebn Kushtetuese deri n\u00eb fund t\u00eb majit.<\/p>\n<p>L\u00ebvizja e Qeveris\u00eb vjen n\u00eb prag t\u00eb mbledhjes s\u00eb Komitetit t\u00eb Ministrave t\u00eb K\u00ebshillit t\u00eb Evrop\u00ebs (16 &#038; 17 maj), ku an\u00ebtar\u00ebsimi i Kosov\u00ebs n\u00eb k\u00ebt\u00eb organizat\u00eb ende s\u2019\u00ebsht\u00eb futur n\u00eb rend dite. Franca dhe Gjermania i kan\u00eb k\u00ebrkuar Kosov\u00ebs t\u00eb b\u00ebj\u00eb hapa konkret\u00eb p\u00ebr Asociacionin q\u00eb t\u2019i garantohet an\u00ebtar\u00ebsimi n\u00eb K\u00ebshill t\u00eb Evrop\u00ebs. \/Telegrafi\/<\/p>\n","protected":false},"excerpt":{"rendered":"<p>Presidenca e Kosov\u00ebs ka b\u00ebr\u00eb t\u00eb ditur se veprimi i b\u00ebr\u00eb nga Qeveria e Kosov\u00ebs, konkretisht nga MPJD rreth draft-statutit t\u00eb Asociacionit dhe \u00e7\u00ebshtjes s\u00eb K\u00ebshillit t\u00eb Evrop\u00ebs, nuk \u00ebsht\u00eb konstultuar e as dakorduar me presideten Vjosa Osmani. K\u00ebshtu kan\u00eb b\u00ebr\u00eb t\u00eb ditur p\u00ebr Telegrafin, nga zyra p\u00ebr media e presidentes Osmani. \u201cLetra e djeshme [&hellip;]<\/p>\n","protected":false},"author":1,"featured_media":171266,"comment_status":"closed","ping_status":"closed","sticky":false,"template":"","format":"standard","meta":{"footnotes":""},"categories":[5],"tags":[],"class_list":{"0":"post-171845","1":"post","2":"type-post","3":"status-publish","4":"format-standard","5":"has-post-thumbnail","7":"category-lajme"},"_links":{"self":[{"href":"https:\/\/radiostargjilan.com\/web\/wp-json\/wp\/v2\/posts\/171845","targetHints":{"allow":["GET"]}}],"collection":[{"href":"https:\/\/radiostargjilan.com\/web\/wp-json\/wp\/v2\/posts"}],"about":[{"href":"https:\/\/radiostargjilan.com\/web\/wp-json\/wp\/v2\/types\/post"}],"author":[{"embeddable":true,"href":"https:\/\/radiostargjilan.com\/web\/wp-json\/wp\/v2\/users\/1"}],"replies":[{"embeddable":true,"href":"https:\/\/radiostargjilan.com\/web\/wp-json\/wp\/v2\/comments?post=171845"}],"version-history":[{"count":0,"href":"https:\/\/radiostargjilan.com\/web\/wp-json\/wp\/v2\/posts\/171845\/revisions"}],"wp:featuredmedia":[{"embeddable":true,"href":"https:\/\/radiostargjilan.com\/web\/wp-json\/wp\/v2\/media\/171266"}],"wp:attachment":[{"href":"https:\/\/radiostargjilan.com\/web\/wp-json\/wp\/v2\/media?parent=171845"}],"wp:term":[{"taxonomy":"category","embeddable":true,"href":"https:\/\/radiostargjilan.com\/web\/wp-json\/wp\/v2\/categories?post=171845"},{"taxonomy":"post_tag","embeddable":true,"href":"https:\/\/radiostargjilan.com\/web\/wp-json\/wp\/v2\/tags?post=171845"}],"curies":[{"name":"wp","href":"https:\/\/api.w.org\/{rel}","templated":true}]}}