{"id":172569,"date":"2024-05-29T00:10:04","date_gmt":"2024-05-28T22:10:04","guid":{"rendered":"https:\/\/radiostargjilan.com\/web\/?p=172569"},"modified":"2024-05-29T00:10:04","modified_gmt":"2024-05-28T22:10:04","slug":"spanja-situata-e-palestines-ndryshon-prej-asaj-te-kosoves","status":"publish","type":"post","link":"https:\/\/radiostargjilan.com\/web\/spanja-situata-e-palestines-ndryshon-prej-asaj-te-kosoves\/","title":{"rendered":"Spanja: Situata e Palestin\u00ebs ndryshon prej asaj t\u00eb Kosov\u00ebs"},"content":{"rendered":"<p>Spanja i ka th\u00ebn\u00eb t\u00eb mart\u00ebn Radios Evropa e Lir\u00eb se situata e Kosov\u00ebs me shtetin palestinez \u00ebsht\u00eb krejt\u00ebsisht ndryshe, teksa ka p\u00ebrs\u00ebritur se nuk ka ndryshuar q\u00ebndrim p\u00ebr shtet\u00ebsin\u00eb e Kosov\u00ebs.<\/p>\n<p>Spanja \u00ebsht\u00eb nj\u00eb prej pes\u00eb vendeve t\u00eb Bashkimit Evropian \u2013 bashk\u00eb me Qipron, Greqin\u00eb Sllovakin\u00eb dhe Rumanin\u00eb \u2013 q\u00eb nuk e njohin shtet\u00ebsin\u00eb e Kosov\u00ebs, t\u00eb shpallur n\u00eb shkurt t\u00eb vitit 2008.<\/p>\n<p>Arsyeja kryesore p\u00ebr mosnjohjen e shtetit t\u00eb Kosov\u00ebs nga ana e Spanj\u00ebs besohet se lidhet me q\u00ebndrimin spanjoll karshi aspiratave t\u00eb rajonit verilindor t\u00eb saj, Katalonj\u00ebs, q\u00eb t\u00eb pavar\u00ebsohet.<\/p>\n<p>Ky rajon ka pasur disa p\u00ebrpjekje t\u00eb pasuksesshme q\u00eb t\u00eb ndahet nga Spanja, nd\u00ebrsa Madridi zyrtar e ka kund\u00ebrshtuar ashp\u00ebr k\u00ebt\u00eb l\u00ebvizje.<\/p>\n<p>\u201cSituata n\u00eb Palestin\u00eb \u00ebsht\u00eb ndryshe. Njohja e shtetit t\u00eb Palestin\u00ebs nuk prek n\u00eb integritetin territorial t\u00eb Izraelit, pasi ai territor nuk ka qen\u00eb asnj\u00ebher\u00eb ligj\u00ebrisht pjes\u00eb e shtetit t\u00eb Izraelit\u201d, ka th\u00ebn\u00eb Elena Aljarilla Cortezon, k\u00ebshilltare p\u00ebr media n\u00eb Ministrin\u00eb e Pun\u00ebve t\u00eb Jashtme t\u00eb Spanj\u00ebs, n\u00eb nj\u00eb p\u00ebrgjigje p\u00ebr Radion Evropa e Lir\u00eb.<\/p>\n<p>Sipas saj, vendimi i marr\u00eb m\u00eb 28 maj, p\u00ebr t\u00eb njohur zyrtarisht shtet\u00ebsin\u00eb e Palestin\u00ebs, \u00ebsht\u00eb n\u00eb p\u00ebrputhje me ligjin nd\u00ebrkomb\u00ebtar, parimet e Kart\u00ebs s\u00eb Kombeve t\u00eb Bashkuara dhe rezolutave t\u00eb K\u00ebshillit t\u00eb Sigurimit t\u00eb Kombeve t\u00eb Bashkuara, t\u00eb cilat jan\u00eb detyruese, pasi t\u00eb miratohen.<\/p>\n<p>\u00c7\u00ebshtja e njohjes s\u00eb Kosov\u00ebs nga Spanja \u00ebsht\u00eb diskutuar n\u00eb takimin e ministrave t\u00eb Jasht\u00ebm t\u00eb BE-s\u00eb, m\u00eb 27 maj n\u00eb Bruksel.<\/p>\n<p>Disa burime i kan\u00eb th\u00ebn\u00eb Radios Evropa e Lir\u00eb se n\u00eb k\u00ebt\u00eb pik\u00eb ka pasur grindje t\u00eb hapur nd\u00ebrmjet pal\u00ebve nga Gjermania dhe Spanja.<\/p>\n<p>Derisa Gjermania ka qen\u00eb \u201cshum\u00eb bind\u00ebse\u201d p\u00ebr njohjen e Kosov\u00ebs, \u201cSpanja ishte n\u00eb mbrojtje, duke argumentuar se Kosova nuk ishte n\u00eb agjend\u00eb\u201d.<\/p>\n<p>N\u00eb linj\u00eb me Spanj\u00ebn, shtet\u00ebsin\u00eb palestineze e ka njohur t\u00eb mart\u00ebn edhe Norvegjia.<\/p>\n<p>Irlanda do t\u00eb veproj\u00eb nj\u00ebjt\u00eb, m\u00eb von\u00eb gjat\u00eb dit\u00ebs.<\/p>\n<p>Kryeministri i Spanj\u00ebs, Pedro Sanchez, ka th\u00ebn\u00eb n\u00eb m\u00ebngjes se vendi i tij do ta njoh\u00eb shtet\u00ebsin\u00eb palestineze, duke p\u00ebrfshir\u00eb Rripin e Gaz\u00ebs dhe Bregun Per\u00ebndimor me Jerusalemin Lindor si kryeqytetin e tij.<\/p>\n<p>Ai ka th\u00ebn\u00eb se Spanja nuk do t\u00eb njoh\u00eb asnj\u00eb ndryshim t\u00eb kufijve t\u00eb p\u00ebrcaktuar m\u00eb 1967, p\u00ebrve\u00e7 n\u00ebse pajtohen pal\u00ebt.<\/p>\n","protected":false},"excerpt":{"rendered":"<p>Spanja i ka th\u00ebn\u00eb t\u00eb mart\u00ebn Radios Evropa e Lir\u00eb se situata e Kosov\u00ebs me shtetin palestinez \u00ebsht\u00eb krejt\u00ebsisht ndryshe, teksa ka p\u00ebrs\u00ebritur se nuk ka ndryshuar q\u00ebndrim p\u00ebr shtet\u00ebsin\u00eb e Kosov\u00ebs. Spanja \u00ebsht\u00eb nj\u00eb prej pes\u00eb vendeve t\u00eb Bashkimit Evropian \u2013 bashk\u00eb me Qipron, Greqin\u00eb Sllovakin\u00eb dhe Rumanin\u00eb \u2013 q\u00eb nuk e njohin shtet\u00ebsin\u00eb [&hellip;]<\/p>\n","protected":false},"author":1,"featured_media":172570,"comment_status":"closed","ping_status":"closed","sticky":false,"template":"","format":"standard","meta":{"footnotes":""},"categories":[5],"tags":[],"class_list":{"0":"post-172569","1":"post","2":"type-post","3":"status-publish","4":"format-standard","5":"has-post-thumbnail","7":"category-lajme"},"_links":{"self":[{"href":"https:\/\/radiostargjilan.com\/web\/wp-json\/wp\/v2\/posts\/172569","targetHints":{"allow":["GET"]}}],"collection":[{"href":"https:\/\/radiostargjilan.com\/web\/wp-json\/wp\/v2\/posts"}],"about":[{"href":"https:\/\/radiostargjilan.com\/web\/wp-json\/wp\/v2\/types\/post"}],"author":[{"embeddable":true,"href":"https:\/\/radiostargjilan.com\/web\/wp-json\/wp\/v2\/users\/1"}],"replies":[{"embeddable":true,"href":"https:\/\/radiostargjilan.com\/web\/wp-json\/wp\/v2\/comments?post=172569"}],"version-history":[{"count":0,"href":"https:\/\/radiostargjilan.com\/web\/wp-json\/wp\/v2\/posts\/172569\/revisions"}],"wp:featuredmedia":[{"embeddable":true,"href":"https:\/\/radiostargjilan.com\/web\/wp-json\/wp\/v2\/media\/172570"}],"wp:attachment":[{"href":"https:\/\/radiostargjilan.com\/web\/wp-json\/wp\/v2\/media?parent=172569"}],"wp:term":[{"taxonomy":"category","embeddable":true,"href":"https:\/\/radiostargjilan.com\/web\/wp-json\/wp\/v2\/categories?post=172569"},{"taxonomy":"post_tag","embeddable":true,"href":"https:\/\/radiostargjilan.com\/web\/wp-json\/wp\/v2\/tags?post=172569"}],"curies":[{"name":"wp","href":"https:\/\/api.w.org\/{rel}","templated":true}]}}