{"id":172576,"date":"2024-05-29T11:30:33","date_gmt":"2024-05-29T09:30:33","guid":{"rendered":"https:\/\/radiostargjilan.com\/web\/?p=172576"},"modified":"2024-05-29T11:31:38","modified_gmt":"2024-05-29T09:31:38","slug":"ishin-paralajmeruar-punimet-a-u-be-mentor-mihovci-kurban-per-keto-dy-rruge-ne-gjilan","status":"publish","type":"post","link":"https:\/\/radiostargjilan.com\/web\/ishin-paralajmeruar-punimet-a-u-be-mentor-mihovci-kurban-per-keto-dy-rruge-ne-gjilan\/","title":{"rendered":"Ishin paralajmeruar punimet n\u00eb rrug\u00ebt &#8220;Adem Jashari &#8221; dhe&#8221;Zija Shemsiu&#8221;, a u be Mentor Mihovci &#8216;kurban&#8217; per tu shkarkuar per mos nisje te punimeve ne keto dy ruge ne Gjilan?"},"content":{"rendered":"<p>N\u00eb qytetin e Gjilanit, punimet e paralajm\u00ebruara n\u00eb dy rrug\u00ebt kryesore kan\u00eb ngecur, pas shkarkimit t\u00eb drejtorit t\u00eb sh\u00ebrbimeve publike, Mentor Mihovci shkruan Radio Star. <\/p>\n<p>Banor\u00ebt dhe bizneset prisnin q\u00eb punimet t\u00eb fillonin dje, por kjo nuk ndodhi.<\/p>\n<p>Shkarkimi i papritur i drejtorit Mihovci ka krijuar pasiguri dhe konfuzion n\u00eb lidhje me vazhdimin e projekteve infrastrukturore. Autoritetet lokale nuk kan\u00eb dh\u00ebn\u00eb ende nj\u00eb deklarat\u00eb zyrtare p\u00ebr arsyet e vones\u00ebs apo p\u00ebr hapat e ardhsh\u00ebm q\u00eb do t\u00eb nd\u00ebrmerren p\u00ebr t\u00eb siguruar vijimin e punimeve.<\/p>\n<p>Bizneset n\u00eb rrug\u00ebt \u201cAdem Jashari\u201d dhe \u201cZija Shemsiu\u201d n\u00eb Gjilan kan\u00eb shprehur shqet\u00ebsimet e tyre lidhur me punimet e planifikuara. <\/p>\n<p>Ata theksojn\u00eb se nisja e k\u00ebtyre punimeve do t\u00eb d\u00ebmtoj\u00eb aktivitetet e tyre dhe do t\u00eb \u00e7oj\u00eb n\u00eb humbje financiare.<\/p>\n<p>Sipas pronar\u00ebve t\u00eb bizneseve, nd\u00ebrhyrjet do t\u00eb kufizojn\u00eb aksesin e klient\u00ebve dhe do t\u00eb ndikojn\u00eb negativisht n\u00eb qarkullimin e mallrave. Ata k\u00ebrkojn\u00eb nga autoritetet lokale t\u00eb gjejn\u00eb zgjidhje alternative p\u00ebr t\u00eb minimizuar ndikimin negativ dhe p\u00ebr t\u00eb mb\u00ebshtetur ekonomin\u00eb lokale gjat\u00eb periudh\u00ebs s\u00eb punimeve.<\/p>\n<p>Pritet q\u00eb n\u00eb dit\u00ebt n\u00eb vijim, t\u00eb jepen informacione t\u00eb reja nga Komuna e Gjilanit lidhur me k\u00ebt\u00eb \u00e7\u00ebshtje dhe p\u00ebr z\u00ebvend\u00ebsimin e drejtorit t\u00eb ri t\u00eb sh\u00ebrbimeve publike.\/Radio Star\/<\/p>\n","protected":false},"excerpt":{"rendered":"<p>N\u00eb qytetin e Gjilanit, punimet e paralajm\u00ebruara n\u00eb dy rrug\u00ebt kryesore kan\u00eb ngecur, pas shkarkimit t\u00eb drejtorit t\u00eb sh\u00ebrbimeve publike, Mentor Mihovci shkruan Radio Star. Banor\u00ebt dhe bizneset prisnin q\u00eb punimet t\u00eb fillonin dje, por kjo nuk ndodhi. Shkarkimi i papritur i drejtorit Mihovci ka krijuar pasiguri dhe konfuzion n\u00eb lidhje me vazhdimin e projekteve [&hellip;]<\/p>\n","protected":false},"author":1,"featured_media":172577,"comment_status":"closed","ping_status":"closed","sticky":false,"template":"","format":"standard","meta":{"footnotes":""},"categories":[5],"tags":[],"class_list":{"0":"post-172576","1":"post","2":"type-post","3":"status-publish","4":"format-standard","5":"has-post-thumbnail","7":"category-lajme"},"_links":{"self":[{"href":"https:\/\/radiostargjilan.com\/web\/wp-json\/wp\/v2\/posts\/172576","targetHints":{"allow":["GET"]}}],"collection":[{"href":"https:\/\/radiostargjilan.com\/web\/wp-json\/wp\/v2\/posts"}],"about":[{"href":"https:\/\/radiostargjilan.com\/web\/wp-json\/wp\/v2\/types\/post"}],"author":[{"embeddable":true,"href":"https:\/\/radiostargjilan.com\/web\/wp-json\/wp\/v2\/users\/1"}],"replies":[{"embeddable":true,"href":"https:\/\/radiostargjilan.com\/web\/wp-json\/wp\/v2\/comments?post=172576"}],"version-history":[{"count":0,"href":"https:\/\/radiostargjilan.com\/web\/wp-json\/wp\/v2\/posts\/172576\/revisions"}],"wp:featuredmedia":[{"embeddable":true,"href":"https:\/\/radiostargjilan.com\/web\/wp-json\/wp\/v2\/media\/172577"}],"wp:attachment":[{"href":"https:\/\/radiostargjilan.com\/web\/wp-json\/wp\/v2\/media?parent=172576"}],"wp:term":[{"taxonomy":"category","embeddable":true,"href":"https:\/\/radiostargjilan.com\/web\/wp-json\/wp\/v2\/categories?post=172576"},{"taxonomy":"post_tag","embeddable":true,"href":"https:\/\/radiostargjilan.com\/web\/wp-json\/wp\/v2\/tags?post=172576"}],"curies":[{"name":"wp","href":"https:\/\/api.w.org\/{rel}","templated":true}]}}