{"id":172607,"date":"2024-05-29T16:42:57","date_gmt":"2024-05-29T14:42:57","guid":{"rendered":"https:\/\/radiostargjilan.com\/web\/?p=172607"},"modified":"2024-05-29T16:46:32","modified_gmt":"2024-05-29T14:46:32","slug":"maturantet-me-te-dalluar-ne-kamenice-marrin-shperblim-nga-kryetari-rahimaj-udhetim-ne-itali","status":"publish","type":"post","link":"https:\/\/radiostargjilan.com\/web\/maturantet-me-te-dalluar-ne-kamenice-marrin-shperblim-nga-kryetari-rahimaj-udhetim-ne-itali\/","title":{"rendered":"Maturant\u00ebt m\u00eb t\u00eb dalluar n\u00eb Kamenic\u00eb, marrin shp\u00ebrblim nga kryetari Rahimaj, udh\u00ebtim n\u00eb Itali"},"content":{"rendered":"<p>Kryetari i Komun\u00ebs s\u00eb Kamenic\u00ebs, Kadri Rahimaj ka njoftuar se n\u00ebn organizimin e Drejtoris\u00eb Komunale t\u00eb Arsimit, maturant\u00ebt kamenicas kan\u00eb testuar njohurit\u00eb e tyre rreth vendeve europiane, ku m\u00eb t\u00eb mir\u00ebt kan\u00eb dal\u00eb p\u00ebrfitues t\u00eb Eurotrip-it.<\/p>\n<p>\u201cMaturant\u00ebt kan\u00eb filluar vizit\u00ebn e tyre n\u00eb Itali, n\u00ebn p\u00ebcjelljen e profesor\u00ebve, duke shfryt\u00ebzuar k\u00ebt\u00eb vizit\u00eb si mund\u00ebsi p\u00ebr t\u00eb m\u00ebsuar edhe m\u00eb shum\u00eb p\u00ebr vendet q\u00eb\u00a0vizitojn\u00eb\u201d-ka th\u00ebn\u00eb Kryetari Rahimaj.<\/p>\n<p>&nbsp;<\/p>\n<p>Ai gjithashtu \u00ebsht\u00eb shprehur i lumtur q\u00eb si komun\u00ebn kan\u00eb mund\u00ebsuar k\u00ebt\u00eb, duke premtuar q\u00eb nuk do t\u00eb jet\u00eb e fundit.<\/p>\n<p>&nbsp;<\/p>\n<p>&lt;iframe src=&#8221;https:\/\/www.facebook.com\/plugins\/post.php?href=https%3A%2F%2Fwww.facebook.com%2Fkadrirahimajvv%2Fposts%2Fpfbid02w2vtUvaDsvEBumpGpi1S1BHVZLELatG5qhr3LZfJr9YYpgnghMEgFFXtgVX1jvzdl&amp;show_text=true&amp;width=500&amp;is_preview=true&#8221; width=&#8221;500&#8243; height=&#8221;690&#8243; style=&#8221;border:none;overflow:hidden&#8221; scrolling=&#8221;no&#8221; frameborder=&#8221;0&#8243; allowfullscreen=&#8221;true&#8221; allow=&#8221;autoplay; clipboard-write; encrypted-media; picture-in-picture; web-share&#8221;&gt;&lt;\/iframe&gt;<\/p>\n","protected":false},"excerpt":{"rendered":"<p>Kryetari i Komun\u00ebs s\u00eb Kamenic\u00ebs, Kadri Rahimaj ka njoftuar se n\u00ebn organizimin e Drejtoris\u00eb Komunale t\u00eb Arsimit, maturant\u00ebt kamenicas kan\u00eb testuar njohurit\u00eb e tyre rreth vendeve europiane, ku m\u00eb t\u00eb mir\u00ebt kan\u00eb dal\u00eb p\u00ebrfitues t\u00eb Eurotrip-it. \u201cMaturant\u00ebt kan\u00eb filluar vizit\u00ebn e tyre n\u00eb Itali, n\u00ebn p\u00ebcjelljen e profesor\u00ebve, duke shfryt\u00ebzuar k\u00ebt\u00eb vizit\u00eb si mund\u00ebsi p\u00ebr [&hellip;]<\/p>\n","protected":false},"author":1,"featured_media":172608,"comment_status":"closed","ping_status":"closed","sticky":false,"template":"","format":"standard","meta":{"footnotes":""},"categories":[5],"tags":[],"class_list":{"0":"post-172607","1":"post","2":"type-post","3":"status-publish","4":"format-standard","5":"has-post-thumbnail","7":"category-lajme"},"_links":{"self":[{"href":"https:\/\/radiostargjilan.com\/web\/wp-json\/wp\/v2\/posts\/172607","targetHints":{"allow":["GET"]}}],"collection":[{"href":"https:\/\/radiostargjilan.com\/web\/wp-json\/wp\/v2\/posts"}],"about":[{"href":"https:\/\/radiostargjilan.com\/web\/wp-json\/wp\/v2\/types\/post"}],"author":[{"embeddable":true,"href":"https:\/\/radiostargjilan.com\/web\/wp-json\/wp\/v2\/users\/1"}],"replies":[{"embeddable":true,"href":"https:\/\/radiostargjilan.com\/web\/wp-json\/wp\/v2\/comments?post=172607"}],"version-history":[{"count":0,"href":"https:\/\/radiostargjilan.com\/web\/wp-json\/wp\/v2\/posts\/172607\/revisions"}],"wp:featuredmedia":[{"embeddable":true,"href":"https:\/\/radiostargjilan.com\/web\/wp-json\/wp\/v2\/media\/172608"}],"wp:attachment":[{"href":"https:\/\/radiostargjilan.com\/web\/wp-json\/wp\/v2\/media?parent=172607"}],"wp:term":[{"taxonomy":"category","embeddable":true,"href":"https:\/\/radiostargjilan.com\/web\/wp-json\/wp\/v2\/categories?post=172607"},{"taxonomy":"post_tag","embeddable":true,"href":"https:\/\/radiostargjilan.com\/web\/wp-json\/wp\/v2\/tags?post=172607"}],"curies":[{"name":"wp","href":"https:\/\/api.w.org\/{rel}","templated":true}]}}