{"id":172616,"date":"2024-05-29T17:07:15","date_gmt":"2024-05-29T15:07:15","guid":{"rendered":"https:\/\/radiostargjilan.com\/web\/?p=172616"},"modified":"2024-05-29T17:07:15","modified_gmt":"2024-05-29T15:07:15","slug":"hyseniprojekti-i-zgjerimit-te-rruges-hamdi-kurteshi-nuk-ka-te-ndalur","status":"publish","type":"post","link":"https:\/\/radiostargjilan.com\/web\/hyseniprojekti-i-zgjerimit-te-rruges-hamdi-kurteshi-nuk-ka-te-ndalur\/","title":{"rendered":"Hyseni:Projekti i zgjerimit t\u00eb rrug\u00ebs &#8220;Hamdi Kurteshi&#8221;, nuk ka t\u00eb ndalur"},"content":{"rendered":"<div class=\"xdj266r x11i5rnm xat24cr x1mh8g0r x1vvkbs x126k92a\">\n<div dir=\"auto\">Po vazhdojn\u00eb pa ndalur punimet n\u00eb nj\u00ebrin nd\u00ebr projektet m\u00eb t\u00eb m\u00ebdha t\u00eb Komun\u00ebs s\u00eb Gjilanit n\u00eb zgjerimin e rrug\u00ebs \u201cHamdi Kurteshi\u201d.<\/div>\n<div dir=\"auto\"><\/div>\n<\/div>\n<div class=\"x11i5rnm xat24cr x1mh8g0r x1vvkbs xtlvy1s x126k92a\">\n<div dir=\"auto\">Kryetari i Gjilanit, Alban Hyseni, ka par\u00eb nga af\u00ebr ecurin\u00eb e punimeve t\u00eb cilat po zhvillohen n\u00eb disa pjes\u00eb t\u00eb perimetrit t\u00eb k\u00ebtij projekti.<\/div>\n<div dir=\"auto\"><\/div>\n<\/div>\n<div class=\"x11i5rnm xat24cr x1mh8g0r x1vvkbs xtlvy1s x126k92a\">\n<div dir=\"auto\">Pas zhvendosjen e rrethoj\u00ebs s\u00eb hekurt n\u00eb brend\u00ebsi t\u00eb kazerm\u00ebs s\u00eb Forc\u00ebs s\u00eb Siguris\u00eb s\u00eb Kosov\u00ebs, po vazhdon pastrimi i lumit Stanishorka dhe p\u00ebrgatitja e nd\u00ebrtimit t\u00eb kolektorit.<\/div>\n<div dir=\"auto\"><\/div>\n<\/div>\n<div class=\"x11i5rnm xat24cr x1mh8g0r x1vvkbs xtlvy1s x126k92a\">\n<div dir=\"auto\">&#8220;Projekti i zgjerimit t\u00eb rrug\u00ebs &#8220;Hamdi Kurteshi&#8221;, nuk ka t\u00eb ndalur&#8221; , tha Alban Hyseni.<\/div>\n<div dir=\"auto\"><\/div>\n<\/div>\n<div dir=\"auto\">&lt;iframe src=&#8221;https:\/\/www.facebook.com\/plugins\/post.php?href=https%3A%2F%2Fwww.facebook.com%2Fkomunaegjilanit%2Fposts%2Fpfbid026j31FH6PdX84pdjZvF83xbybKR2aKc7H2E7ijHeWMBQCYDAsy33BE9mMabiNHZ2Ll&amp;show_text=true&amp;width=500&amp;is_preview=true&#8221; width=&#8221;500&#8243; height=&#8221;651&#8243; style=&#8221;border:none;overflow:hidden&#8221; scrolling=&#8221;no&#8221; frameborder=&#8221;0&#8243; allowfullscreen=&#8221;true&#8221; allow=&#8221;autoplay; clipboard-write; encrypted-media; picture-in-picture; web-share&#8221;&gt;&lt;\/iframe&gt;<\/div>\n","protected":false},"excerpt":{"rendered":"<p>Po vazhdojn\u00eb pa ndalur punimet n\u00eb nj\u00ebrin nd\u00ebr projektet m\u00eb t\u00eb m\u00ebdha t\u00eb Komun\u00ebs s\u00eb Gjilanit n\u00eb zgjerimin e rrug\u00ebs \u201cHamdi Kurteshi\u201d. Kryetari i Gjilanit, Alban Hyseni, ka par\u00eb nga af\u00ebr ecurin\u00eb e punimeve t\u00eb cilat po zhvillohen n\u00eb disa pjes\u00eb t\u00eb perimetrit t\u00eb k\u00ebtij projekti. Pas zhvendosjen e rrethoj\u00ebs s\u00eb hekurt n\u00eb brend\u00ebsi t\u00eb [&hellip;]<\/p>\n","protected":false},"author":1,"featured_media":172617,"comment_status":"closed","ping_status":"closed","sticky":false,"template":"","format":"standard","meta":{"footnotes":""},"categories":[5],"tags":[],"class_list":{"0":"post-172616","1":"post","2":"type-post","3":"status-publish","4":"format-standard","5":"has-post-thumbnail","7":"category-lajme"},"_links":{"self":[{"href":"https:\/\/radiostargjilan.com\/web\/wp-json\/wp\/v2\/posts\/172616","targetHints":{"allow":["GET"]}}],"collection":[{"href":"https:\/\/radiostargjilan.com\/web\/wp-json\/wp\/v2\/posts"}],"about":[{"href":"https:\/\/radiostargjilan.com\/web\/wp-json\/wp\/v2\/types\/post"}],"author":[{"embeddable":true,"href":"https:\/\/radiostargjilan.com\/web\/wp-json\/wp\/v2\/users\/1"}],"replies":[{"embeddable":true,"href":"https:\/\/radiostargjilan.com\/web\/wp-json\/wp\/v2\/comments?post=172616"}],"version-history":[{"count":0,"href":"https:\/\/radiostargjilan.com\/web\/wp-json\/wp\/v2\/posts\/172616\/revisions"}],"wp:featuredmedia":[{"embeddable":true,"href":"https:\/\/radiostargjilan.com\/web\/wp-json\/wp\/v2\/media\/172617"}],"wp:attachment":[{"href":"https:\/\/radiostargjilan.com\/web\/wp-json\/wp\/v2\/media?parent=172616"}],"wp:term":[{"taxonomy":"category","embeddable":true,"href":"https:\/\/radiostargjilan.com\/web\/wp-json\/wp\/v2\/categories?post=172616"},{"taxonomy":"post_tag","embeddable":true,"href":"https:\/\/radiostargjilan.com\/web\/wp-json\/wp\/v2\/tags?post=172616"}],"curies":[{"name":"wp","href":"https:\/\/api.w.org\/{rel}","templated":true}]}}