{"id":172619,"date":"2024-05-29T19:46:04","date_gmt":"2024-05-29T17:46:04","guid":{"rendered":"https:\/\/radiostargjilan.com\/web\/?p=172619"},"modified":"2024-05-29T20:08:11","modified_gmt":"2024-05-29T18:08:11","slug":"njeriu-i-keshilltares-se-kurtit-thote-se-qeveria-e-kosoves-nuk-e-ndihmon-presheven-nese-sfiton-ardita-sinani","status":"publish","type":"post","link":"https:\/\/radiostargjilan.com\/web\/njeriu-i-keshilltares-se-kurtit-thote-se-qeveria-e-kosoves-nuk-e-ndihmon-presheven-nese-sfiton-ardita-sinani\/","title":{"rendered":"Njeriu i k\u00ebshilltares s\u00eb Kurtit thot\u00eb se Qeveria e Kosov\u00ebs nuk e ndihmon Preshev\u00ebn, n\u00ebse s`fiton Ardita Sinani"},"content":{"rendered":"<p><b>Kryeministri Albin Kurti po p\u00ebrzihet n\u00eb nj\u00eb nivel tjet\u00ebr n\u00eb zgjedhjet lokale n\u00eb Lugin\u00eb t\u00eb Preshev\u00ebs, t\u00eb cilat do t\u00eb mbahen t\u00eb diel\u00ebn.<\/b><\/p>\n<p>Ai ka vendosur q\u00eb n\u00eb k\u00ebto zgjedhje t`i p\u00ebrkrah kandidat\u00ebt p\u00ebr kryetar komun\u00ebs s\u00eb Preshev\u00ebs dhe Bujanovcit, t\u00eb cil\u00ebt jan\u00eb edhe k\u00ebshilltar\u00eb t\u00eb qeveris\u00eb s\u00eb tij, raporton Nacionale.<\/p>\n<p>Madje, njer\u00ebzit e k\u00ebtyre kandidat\u00ebve po i \u201ck\u00ebrc\u00ebnojn\u00eb\u201d shqiptar\u00ebt e Lugin\u00ebs s\u00eb Qeveria e Kosov\u00ebs do t\u00eb jep para p\u00ebr Lugin\u00ebn vet\u00ebm n\u00ebse Ardita Sinani b\u00ebhet kryetare e Komun\u00ebs s\u00eb Preshev\u00ebs dhe Ragmi Mustafi b\u00ebhet kryetar n\u00eb Bujanovcit, t\u00eb cil\u00ebt jan\u00eb nga Partia p\u00ebr Veprim Demokratik.<\/p>\n<p>Shpetim Haliti, njeriu i Ardita Sinanit, e cila \u00ebsht\u00eb k\u00ebshilltare e Albin Kurtit dhe kandidate p\u00ebr kryetare t\u00eb Preshev\u00ebs, ka th\u00ebn\u00eb se Qeveria e Kosov\u00ebs nuk do ta ndihmoj\u00eb Preshev\u00ebn n\u00ebse kryetar i k\u00ebsaj komune b\u00ebhet dikush tjet\u00ebr.<\/p>\n<p>N\u00eb nj\u00eb intervist\u00eb p\u00ebr nj\u00eb televizion lokal, Haliti ka th\u00ebn\u00eb se n\u00ebse Sinani fiton Qeveria e Kosov\u00ebs do ta p\u00ebrkrah k\u00ebt\u00ebkomun\u00eb n\u00eb fush\u00ebn e bujq\u00ebsis\u00eb.<\/p>\n<p>\u201c<i>Ka shum\u00eb burokraci dhe nuk ka mund\u00ebsi ligjore q\u00eb ata e me financu direkt bujq\u00ebsin\u00eb dhe nuk kan\u00eb gjet mekaniz\u00ebm, prandaj dhe jan\u00eb t\u00eb obliguar p\u00ebrmes komun\u00ebs<\/i>\u201d, ka th\u00ebn\u00eb ai.<\/p>\n<p>Kur gazetari e pyet n\u00ebse Qeveria e Kosov\u00ebs po pret t\u00eb nd\u00ebrrohen strukturat qeveris\u00ebse n\u00eb Preshev\u00eb, ai e konfirmon nj\u00eb gj\u00eb t\u00eb till\u00eb.<\/p>\n<p><i>\u201cSepse dihet q\u00eb me pushtetin e kaluar \u00e7far\u00eb raportesh ka pasur Qeveria e Republik\u00ebs s\u00eb Kosov\u00ebs. Edhe n\u00eb rastin m\u00eb t\u00eb keq, n\u00ebse ish-pushteti do jet\u00eb n\u00eb pushtet, nj\u00ebsoj do veproj Qeveria e Kosov\u00ebs, sepse nuk iu beson atyre p\u00ebrderisa nuk iu ka besuar<\/i>\u201d, ka th\u00ebn\u00eb Haliti.<\/p>\n<p>&nbsp;<\/p>\n<p>Sipas tij, Qeveria e Kosov\u00ebs nuk e ka ndihmuar Preshev\u00ebn vet\u00ebm pse kryetar i k\u00ebsaj komune ka qen\u00eb Shqiperim Arifi. Ky i fundit ka qen\u00eb kritik i ashp\u00ebr i kryeministri Kurti.<\/p>\n<p>\u201c<i>P\u00ebrderisa n\u00eb pushtetin e kaluar nuk ka ndar\u00eb mjete Qeveria e Republik\u00ebs s\u00eb Kosov\u00ebs, sepse ata vendosin nuk e vendosim ne, logjikisht q\u00eb nuk i ndan\u00eb prap\u00eb. Sepse nuk e ka besimin dhe bashk\u00ebpunimin me ata. Ne e dim\u00eb si ka qen\u00eb bashk\u00ebpunimi i pushtetit t\u00eb kaluar me Qeverin\u00eb e republik\u00ebs s\u00eb Kosov\u00ebs, duke sha dhe duke akuzuar kryeministrin dhe Qeverin\u00eb e Kosov\u00ebs<\/i>\u201d, ka th\u00ebn\u00eb Haliti.<\/p>\n<p>&nbsp;<\/p>\n<p>Edhe zyrtar\u00ebt e subjektit Alternativa p\u00ebr Ndryshim kan\u00eb b\u00ebr\u00eb me dije se rivalet e tyre p\u00ebr t\u00eb ardhur n\u00eb pushtet t\u00eb diel\u00ebn po i p\u00ebrdorin parat e Qeveris\u00eb s\u00eb Kosov\u00ebs.<\/p>\n<p>Ish-kryetari i Preshev\u00ebs, Shqiprim Arifi, ka th\u00ebn\u00eb se nj\u00eb gj\u00eb e till\u00eb nuk \u00ebsht\u00eb fer.<\/p>\n<p>\u201c<i>Ardita Sinani me parat\u00eb e Kosov\u00ebs q\u00eb ja ka aprovuar Kurti mundohet t\u00eb josh\u00eb qytetar\u00ebt e Lugin\u00ebs s\u00eb Preshev\u00ebs me vot\u00eb, por ata jan\u00eb t\u00eb vet\u00ebdijsh\u00ebm q\u00eb nuk e lejojn\u00eb me shit\u00eb intelektin e tyre me parat nga Kosova p\u00ebr Sinanin sepse ajo \u00ebsht\u00eb nj\u00eb person e korruptuar dhe q\u00eb i ka humbur zgjedhjet nj\u00eb pas nj\u00eb dhe n\u00eb k\u00ebt\u00eb form\u00eb do ti humb s\u00ebrish<\/i>\u201d, ka th\u00ebn\u00eb ai p\u00ebr Fron Online.<\/p>\n<h3><b>Kandidat\u00ebt e PVD-s\u00eb organizojn\u00eb tubin n\u00eb Prishtin\u00eb, Kurti merr pjes\u00eb<\/b><\/h3>\n<p>Dyshimet e zyrtar\u00ebve t\u00eb Alternativ\u00ebs p\u00ebr Ndryshim i ka forcuar edhe tubimi i kandidat\u00ebve t\u00eb PVD-s\u00eb n\u00eb Prishtin\u00eb, ku do t\u00eb marr pjes\u00eb edhe kryeministri Albin Kurti.<\/p>\n<p>\u201c<i>N\u00eb kuad\u00ebr t\u00eb zgjedhjeve lokale q\u00eb po mbajm\u00eb n\u00eb komunat tona n\u00eb Lugin\u00eb t\u00eb Preshev\u00ebs, do t\u00eb mbajm\u00eb nj\u00eb takim edhe me ju n\u00eb ambientet e Universitetit t\u00eb Prishtin\u00ebs. M\u00eb 29 maj, t\u00eb m\u00ebrkur\u00ebn e k\u00ebsaj jave, shihemi n\u00eb Amfiteatrin e Fakultetit Juridik t\u00eb k\u00ebtij Universiteti. Ftoni familjen, miqt\u00eb, shok\u00ebt e shoq\u00ebt dhe ejani bisedojm\u00eb e shpalosim zotimet tona p\u00ebr komun\u00ebn<\/i>\u201d, \u00ebsht\u00eb th\u00ebn\u00eb n\u00eb njoftimin e PVD-s\u00eb.<\/p>\n<p>Kjo p\u00ebrfshirje e kryeministrit Kurti, ka nxitur reagime edhe n\u00eb Kosov\u00eb.<\/p>\n<p>Sekretarja e P\u00ebrgjithshme e PDK-s\u00eb, Vlora \u00c7itaku, ka vler\u00ebsuar se Kurti me k\u00ebto veprime po nxit p\u00ebr\u00e7arje n\u00eb mes t\u00eb shqiptar\u00ebve.<\/p>\n<p>\u201c<i>Albin Kurti po e vazhdon vallen e p\u00ebrj\u00e7arjes s\u00eb shqiptar\u00ebve n\u00eb Ballkan. Pas nd\u00ebrhyrjes n\u00eb zgjedhjet e Shqip\u00ebris\u00eb e Maqedonis\u00eb s\u00eb Veriut, sot paska takim elektoral me vet\u00ebm nj\u00eb parti politike t\u00eb Lugin\u00ebs. N\u00eb vend se t\u00eb p\u00ebrpiqet t\u2019i unifikoj\u00eb ata, si\u00e7 kishte b\u00ebr\u00eb Shqip\u00ebria n\u00eb zgjedhjet e fundit, Kurti po i fryen zjarrit t\u00eb ndasive mes v\u00ebllez\u00ebrve dhe motrave tona n\u00eb Lugin\u00eb. Nuk kam arritur ende t\u2019a kuptoj entuziasmin e Kurtit p\u00ebr p\u00ebr\u00e7arje e ndasi &#8211; por kjo gj\u00eb nuk ka sjell\u00eb asnj\u00ebher\u00eb di\u00e7ka n\u00eb dobi t\u00eb shqiptar\u00ebve. I pap\u00ebrgjegj\u00ebsh\u00ebm deri n\u00eb ekstrem<\/i>\u201d, ka shkruar \u00c7itaku n\u00eb profilin e saj n\u00eb \u201cFacebook\u201d.<\/p>\n<p><iframe loading=\"lazy\" src=\"https:\/\/www.facebook.com\/plugins\/video.php?height=314&#038;href=https%3A%2F%2Fwww.facebook.com%2FRtvALDI%2Fvideos%2F1120460039238234%2F&#038;show_text=false&#038;width=560&#038;t=0\" width=\"560\" height=\"314\" style=\"border:none;overflow:hidden\" scrolling=\"no\" frameborder=\"0\" allowfullscreen=\"true\" allow=\"autoplay; clipboard-write; encrypted-media; picture-in-picture; web-share\" allowFullScreen=\"true\"><\/iframe><\/p>\n","protected":false},"excerpt":{"rendered":"<p>Kryeministri Albin Kurti po p\u00ebrzihet n\u00eb nj\u00eb nivel tjet\u00ebr n\u00eb zgjedhjet lokale n\u00eb Lugin\u00eb t\u00eb Preshev\u00ebs, t\u00eb cilat do t\u00eb mbahen t\u00eb diel\u00ebn. Ai ka vendosur q\u00eb n\u00eb k\u00ebto zgjedhje t`i p\u00ebrkrah kandidat\u00ebt p\u00ebr kryetar komun\u00ebs s\u00eb Preshev\u00ebs dhe Bujanovcit, t\u00eb cil\u00ebt jan\u00eb edhe k\u00ebshilltar\u00eb t\u00eb qeveris\u00eb s\u00eb tij, raporton Nacionale. Madje, njer\u00ebzit e k\u00ebtyre [&hellip;]<\/p>\n","protected":false},"author":1,"featured_media":172620,"comment_status":"closed","ping_status":"closed","sticky":false,"template":"","format":"standard","meta":{"footnotes":""},"categories":[5],"tags":[],"class_list":{"0":"post-172619","1":"post","2":"type-post","3":"status-publish","4":"format-standard","5":"has-post-thumbnail","7":"category-lajme"},"_links":{"self":[{"href":"https:\/\/radiostargjilan.com\/web\/wp-json\/wp\/v2\/posts\/172619","targetHints":{"allow":["GET"]}}],"collection":[{"href":"https:\/\/radiostargjilan.com\/web\/wp-json\/wp\/v2\/posts"}],"about":[{"href":"https:\/\/radiostargjilan.com\/web\/wp-json\/wp\/v2\/types\/post"}],"author":[{"embeddable":true,"href":"https:\/\/radiostargjilan.com\/web\/wp-json\/wp\/v2\/users\/1"}],"replies":[{"embeddable":true,"href":"https:\/\/radiostargjilan.com\/web\/wp-json\/wp\/v2\/comments?post=172619"}],"version-history":[{"count":0,"href":"https:\/\/radiostargjilan.com\/web\/wp-json\/wp\/v2\/posts\/172619\/revisions"}],"wp:featuredmedia":[{"embeddable":true,"href":"https:\/\/radiostargjilan.com\/web\/wp-json\/wp\/v2\/media\/172620"}],"wp:attachment":[{"href":"https:\/\/radiostargjilan.com\/web\/wp-json\/wp\/v2\/media?parent=172619"}],"wp:term":[{"taxonomy":"category","embeddable":true,"href":"https:\/\/radiostargjilan.com\/web\/wp-json\/wp\/v2\/categories?post=172619"},{"taxonomy":"post_tag","embeddable":true,"href":"https:\/\/radiostargjilan.com\/web\/wp-json\/wp\/v2\/tags?post=172619"}],"curies":[{"name":"wp","href":"https:\/\/api.w.org\/{rel}","templated":true}]}}