{"id":172905,"date":"2024-06-02T23:25:19","date_gmt":"2024-06-02T21:25:19","guid":{"rendered":"https:\/\/radiostargjilan.com\/web\/?p=172905"},"modified":"2024-06-02T23:25:19","modified_gmt":"2024-06-02T21:25:19","slug":"ardita-sinani-shpall-fitoren-ne-presheve","status":"publish","type":"post","link":"https:\/\/radiostargjilan.com\/web\/ardita-sinani-shpall-fitoren-ne-presheve\/","title":{"rendered":"Ardita Sinani shpall fitoren n\u00eb Preshev\u00eb"},"content":{"rendered":"<p>Ardita Sinani e ka shpallur fitoren n\u00eb Komun\u00ebn e Preshev\u00ebs.<\/p>\n<p>Ajo ka th\u00ebn\u00eb se Partia p\u00ebr Veprim Demokratik ka marr\u00eb 4.075 vota. Sipas saj PDSH-ja i ka 3703, Aleanca 1185, APN 2850.<\/p>\n<p>\u201cKjo fitore p\u00ebrpos q\u00eb \u00ebsht\u00eb rritje p\u00ebr subjektin ton\u00eb politik, krahasim me numrin n\u00eb r\u00ebnie t\u00eb votuesve, p\u00ebr neve \u00ebsht\u00eb shum\u00ebfish m\u00eb e madh e ne kemi dominuar n\u00eb t\u00eb gjitha bastionet e jemi dominues n\u00eb bastionet e APN-s\u00eb\u201d, ka th\u00ebn\u00eb Sinani.<\/p>\n<p><iframe loading=\"lazy\" src=\"https:\/\/www.facebook.com\/plugins\/post.php?href=https%3A%2F%2Fwww.facebook.com%2Fkryetare%2Fposts%2Fpfbid02w3oi9xT2Lux2KV1jkUkiFom4jb1MFXFWg49BX4fF1srZ2uQdbH6Q1XimBf8dwjG6l&#038;show_text=true&#038;width=500&#038;preview=comet_preview\" width=\"500\" height=\"425\" style=\"border:none;overflow:hidden\" scrolling=\"no\" frameborder=\"0\" allowfullscreen=\"true\" allow=\"autoplay; clipboard-write; encrypted-media; picture-in-picture; web-share\"><\/iframe><\/p>\n<p>Kryeministri i Kosov\u00ebs, Albin Kurti ishte p\u00ebrfshir\u00eb n\u00eb zgjedhjet lokale n\u00eb Preshev\u00eb, duke mb\u00ebshtetur k\u00ebshtu subjektin politikt t\u00eb Shaip Kamberit e Ardita Sinanit.<\/p>\n","protected":false},"excerpt":{"rendered":"<p>Ardita Sinani e ka shpallur fitoren n\u00eb Komun\u00ebn e Preshev\u00ebs. Ajo ka th\u00ebn\u00eb se Partia p\u00ebr Veprim Demokratik ka marr\u00eb 4.075 vota. Sipas saj PDSH-ja i ka 3703, Aleanca 1185, APN 2850. \u201cKjo fitore p\u00ebrpos q\u00eb \u00ebsht\u00eb rritje p\u00ebr subjektin ton\u00eb politik, krahasim me numrin n\u00eb r\u00ebnie t\u00eb votuesve, p\u00ebr neve \u00ebsht\u00eb shum\u00ebfish m\u00eb e [&hellip;]<\/p>\n","protected":false},"author":1,"featured_media":172906,"comment_status":"closed","ping_status":"closed","sticky":false,"template":"","format":"standard","meta":{"footnotes":""},"categories":[5],"tags":[],"class_list":{"0":"post-172905","1":"post","2":"type-post","3":"status-publish","4":"format-standard","5":"has-post-thumbnail","7":"category-lajme"},"_links":{"self":[{"href":"https:\/\/radiostargjilan.com\/web\/wp-json\/wp\/v2\/posts\/172905","targetHints":{"allow":["GET"]}}],"collection":[{"href":"https:\/\/radiostargjilan.com\/web\/wp-json\/wp\/v2\/posts"}],"about":[{"href":"https:\/\/radiostargjilan.com\/web\/wp-json\/wp\/v2\/types\/post"}],"author":[{"embeddable":true,"href":"https:\/\/radiostargjilan.com\/web\/wp-json\/wp\/v2\/users\/1"}],"replies":[{"embeddable":true,"href":"https:\/\/radiostargjilan.com\/web\/wp-json\/wp\/v2\/comments?post=172905"}],"version-history":[{"count":0,"href":"https:\/\/radiostargjilan.com\/web\/wp-json\/wp\/v2\/posts\/172905\/revisions"}],"wp:featuredmedia":[{"embeddable":true,"href":"https:\/\/radiostargjilan.com\/web\/wp-json\/wp\/v2\/media\/172906"}],"wp:attachment":[{"href":"https:\/\/radiostargjilan.com\/web\/wp-json\/wp\/v2\/media?parent=172905"}],"wp:term":[{"taxonomy":"category","embeddable":true,"href":"https:\/\/radiostargjilan.com\/web\/wp-json\/wp\/v2\/categories?post=172905"},{"taxonomy":"post_tag","embeddable":true,"href":"https:\/\/radiostargjilan.com\/web\/wp-json\/wp\/v2\/tags?post=172905"}],"curies":[{"name":"wp","href":"https:\/\/api.w.org\/{rel}","templated":true}]}}