{"id":173735,"date":"2024-06-13T13:22:05","date_gmt":"2024-06-13T11:22:05","guid":{"rendered":"https:\/\/radiostargjilan.com\/web\/?p=173735"},"modified":"2024-06-13T13:22:05","modified_gmt":"2024-06-13T11:22:05","slug":"bashkesia-islame-njofton-ne-sa-ora-do-te-falet-te-dielen-kurban-bajrami","status":"publish","type":"post","link":"https:\/\/radiostargjilan.com\/web\/bashkesia-islame-njofton-ne-sa-ora-do-te-falet-te-dielen-kurban-bajrami\/","title":{"rendered":"Bashk\u00ebsia Islame njofton n\u00eb sa ora do t\u00eb falet t\u00eb diel\u00ebn Kurban Bajrami"},"content":{"rendered":"<p>Bashk\u00ebsia Islame ka b\u00ebr\u00eb t\u00eb ditur se namazi i Kurban Bajramit me 16 qershor do t\u00eb falet n\u00eb ora 05:34, shkruan Reporteri.<\/p>\n<p>Sipas njoftimit, manifestimi do t\u00eb filloj\u00eb n\u00eb ora 04:19 me faljen e namazit t\u00eb sabahut, ku m\u00eb pas do t\u00eb ket\u00eb edhe ligj\u00ebrat\u00eb kushtuar k\u00ebsaj feste n\u00eb Xhamin\u00eb e Madhe n\u00eb Prishtin\u00eb.<\/p>\n<p>Njoftimi:<\/p>\n<p>Kurban Bajrami t\u00eb diel\u00ebn, m\u00eb 16 qershor 2024<\/p>\n<p>Kryesia e Bashk\u00ebsis\u00eb Islame t\u00eb Kosov\u00ebs njofton besimtar\u00ebt dhe opinion e gjer\u00eb se dita e par\u00eb e fest\u00ebs s\u00eb Kurban Bajramit, \u00ebsht\u00eb dit\u00ebn e diel, m\u00eb 16 qershor 2024.<br \/>\nManifestimi qendror p\u00ebr territorin e Kosov\u00ebs, kushtuar fest\u00ebs s\u00eb Kurban Bajramit, mbahet n\u00eb Xhamin\u00eb e Madhe n\u00eb Prishtin\u00eb.<\/p>\n<p>Manifestimi fillon n\u00eb or\u00ebn 4:19, me faljen e namazit t\u00eb sabahut, pas t\u00eb cilit do t\u00eb jet\u00eb ligj\u00ebrata tematike kushtuar k\u00ebsaj feste, t\u00eb cil\u00ebn do ta mbaj\u00eb Hetem ef. Sopjani \u2013 kryetar i K\u00ebshillit t\u00eb Bashk\u00ebsis\u00eb Islame n\u00eb Prishtin\u00eb.<\/p>\n<p>Namazi i Kurban Bajramit falet n\u00eb or\u00ebn 5:34, t\u00eb cilit do t\u2019i prij\u00eb Burhan ef. Hashani- kryeimam i K\u00ebshillit t\u00eb BI-s\u00eb s\u00eb Prishtin\u00ebs, nd\u00ebrsa hytben \u2013 mesazhin e Kurban Bajramit do ta mbaj\u00eb Myftiu i Kosov\u00ebs, Naim ef. T\u00ebrnava.<\/p>\n<p>Me rastin e fest\u00ebs s\u00eb Kurban Bajramit, dit\u00ebn e par\u00eb, m\u00eb 16 qershor 2024, Kryesia e BIK, si tradicionalisht organizon pritje p\u00ebrurimi n\u00eb selin\u00eb e Kryesis\u00eb nga ora 9:00-12:00.<\/p>\n<p>&nbsp;<\/p>\n<p>Kryesia e Bashk\u00ebsis\u00eb Islame t\u00eb Kosov\u00ebs t\u00eb gjith\u00eb besimtar\u00ebve dhe opinionit t\u00eb gjer\u00eb ua uron fest\u00ebn e Kurban Bajramit, duke e lutur Zotin q\u00eb t\u00eb na pranoj haxhin, kurbanin, lutjet dhe ibadetet tona.<\/p>\n<p>Me fat festa e Kurban Bajramit!<\/p>\n<p><iframe loading=\"lazy\" src=\"https:\/\/www.facebook.com\/plugins\/post.php?href=https%3A%2F%2Fwww.facebook.com%2Fbirk2015%2Fposts%2Fpfbid03Uf65bsLR6BcYDY2LUvRfFzz7G58rqTwS26oEvjvEXdXipbUVeyp1fBYpot8bTGFl&amp;show_text=true&amp;width=500\" width=\"500\" height=\"751\" frameborder=\"0\" scrolling=\"no\" allowfullscreen=\"allowfullscreen\" data-mce-fragment=\"1\"><\/iframe><\/p>\n","protected":false},"excerpt":{"rendered":"<p>Bashk\u00ebsia Islame ka b\u00ebr\u00eb t\u00eb ditur se namazi i Kurban Bajramit me 16 qershor do t\u00eb falet n\u00eb ora 05:34, shkruan Reporteri. Sipas njoftimit, manifestimi do t\u00eb filloj\u00eb n\u00eb ora 04:19 me faljen e namazit t\u00eb sabahut, ku m\u00eb pas do t\u00eb ket\u00eb edhe ligj\u00ebrat\u00eb kushtuar k\u00ebsaj feste n\u00eb Xhamin\u00eb e Madhe n\u00eb Prishtin\u00eb. Njoftimi: [&hellip;]<\/p>\n","protected":false},"author":1,"featured_media":173736,"comment_status":"closed","ping_status":"closed","sticky":false,"template":"","format":"standard","meta":{"footnotes":""},"categories":[5],"tags":[],"class_list":{"0":"post-173735","1":"post","2":"type-post","3":"status-publish","4":"format-standard","5":"has-post-thumbnail","7":"category-lajme"},"_links":{"self":[{"href":"https:\/\/radiostargjilan.com\/web\/wp-json\/wp\/v2\/posts\/173735","targetHints":{"allow":["GET"]}}],"collection":[{"href":"https:\/\/radiostargjilan.com\/web\/wp-json\/wp\/v2\/posts"}],"about":[{"href":"https:\/\/radiostargjilan.com\/web\/wp-json\/wp\/v2\/types\/post"}],"author":[{"embeddable":true,"href":"https:\/\/radiostargjilan.com\/web\/wp-json\/wp\/v2\/users\/1"}],"replies":[{"embeddable":true,"href":"https:\/\/radiostargjilan.com\/web\/wp-json\/wp\/v2\/comments?post=173735"}],"version-history":[{"count":0,"href":"https:\/\/radiostargjilan.com\/web\/wp-json\/wp\/v2\/posts\/173735\/revisions"}],"wp:featuredmedia":[{"embeddable":true,"href":"https:\/\/radiostargjilan.com\/web\/wp-json\/wp\/v2\/media\/173736"}],"wp:attachment":[{"href":"https:\/\/radiostargjilan.com\/web\/wp-json\/wp\/v2\/media?parent=173735"}],"wp:term":[{"taxonomy":"category","embeddable":true,"href":"https:\/\/radiostargjilan.com\/web\/wp-json\/wp\/v2\/categories?post=173735"},{"taxonomy":"post_tag","embeddable":true,"href":"https:\/\/radiostargjilan.com\/web\/wp-json\/wp\/v2\/tags?post=173735"}],"curies":[{"name":"wp","href":"https:\/\/api.w.org\/{rel}","templated":true}]}}