{"id":173738,"date":"2024-06-13T14:04:21","date_gmt":"2024-06-13T12:04:21","guid":{"rendered":"https:\/\/radiostargjilan.com\/web\/?p=173738"},"modified":"2024-06-13T14:04:21","modified_gmt":"2024-06-13T12:04:21","slug":"drita-e-transferon-besnik-berishen","status":"publish","type":"post","link":"https:\/\/radiostargjilan.com\/web\/drita-e-transferon-besnik-berishen\/","title":{"rendered":"Drita e \u201ctransferon\u201d Besnik Berish\u00ebn"},"content":{"rendered":"<p>Pas kat\u00ebr transferimeve brenda nj\u00eb dite t\u00eb m\u00ebrkur\u00ebn, FC Drita e ka zyrtarizuar nj\u00eb tjet\u00ebr \u201ctransfer\u201d t\u00eb enjten.<\/p>\n<p>Klubi gjilanas i futbollit ka lidhur sot marr\u00ebveshje bashk\u00ebpunimi me studion ligjore Besnik Berisha &#038; Associates.<\/p>\n<p>Marr\u00ebveshjen me avokatin Berisha e ka b\u00ebr\u00eb t\u00eb ditur klubi t\u00eb enjten.<\/p>\n<p>\u201cKemi knaq\u00ebsin\u00eb t\u00eb ju njoftojm\u00eb q\u00eb kemi n\u00ebnshkruar marr\u00ebveshje bashk\u00ebpunimi n\u00eb mes t\u00eb klubit ton\u00eb FC DRITA dhe studios ligjore BESNIK R. BERISHA &#038; ASSOCIATES LLC\u201d, tha Drita n\u00eb nj\u00eb njoftim p\u00ebr media.<\/p>\n<p>\u201cKjo marr\u00ebveshje u zyrtarizua nga drejtori gjeneral i klubit z. Feti Murseli, i cili priti sot n\u00eb zyret e klubit avokatin z. Besnik R. Berisha, p\u00ebr t\u2019i uruar mir\u00ebseardhje n\u00eb klubin ton\u00eb dhe p\u00ebr ta fal\u00ebnderuar p\u00ebr gatishm\u00ebrin\u00eb e bashk\u00ebpunimit.\u201d<\/p>\n<p>Zyra ligjore e FC Drit\u00ebs do t\u00eb udh\u00ebhiqet nga avokati Berisha.<\/p>\n<p>\u201cKrahas pun\u00ebs s\u00eb madhe q\u00eb b\u00ebhet n\u00eb aspektin profesional, klubi jon\u00eb ka menduar p\u00ebr ngritjen e nivelit t\u00eb ligjshm\u00ebris\u00eb duke i kushtuar r\u00ebnd\u00ebsi t\u00eb ve\u00e7ant\u00eb zyr\u00ebs ligjore t\u00eb klubit, e cila tani e tutje do t\u00eb p\u00ebrfaq\u00ebsohet nga avokati z. Besnik R. Berisha, i cili \u00ebsht\u00eb edhe kryetar i Od\u00ebs s\u00eb Avokat\u00ebve t\u00eb Kosov\u00ebs\u201d, thuhet n\u00eb njoftim.<\/p>\n","protected":false},"excerpt":{"rendered":"<p>Pas kat\u00ebr transferimeve brenda nj\u00eb dite t\u00eb m\u00ebrkur\u00ebn, FC Drita e ka zyrtarizuar nj\u00eb tjet\u00ebr \u201ctransfer\u201d t\u00eb enjten. Klubi gjilanas i futbollit ka lidhur sot marr\u00ebveshje bashk\u00ebpunimi me studion ligjore Besnik Berisha &#038; Associates. Marr\u00ebveshjen me avokatin Berisha e ka b\u00ebr\u00eb t\u00eb ditur klubi t\u00eb enjten. \u201cKemi knaq\u00ebsin\u00eb t\u00eb ju njoftojm\u00eb q\u00eb kemi n\u00ebnshkruar marr\u00ebveshje [&hellip;]<\/p>\n","protected":false},"author":1,"featured_media":173739,"comment_status":"closed","ping_status":"closed","sticky":false,"template":"","format":"standard","meta":{"footnotes":""},"categories":[7],"tags":[],"class_list":{"0":"post-173738","1":"post","2":"type-post","3":"status-publish","4":"format-standard","5":"has-post-thumbnail","7":"category-sports"},"_links":{"self":[{"href":"https:\/\/radiostargjilan.com\/web\/wp-json\/wp\/v2\/posts\/173738","targetHints":{"allow":["GET"]}}],"collection":[{"href":"https:\/\/radiostargjilan.com\/web\/wp-json\/wp\/v2\/posts"}],"about":[{"href":"https:\/\/radiostargjilan.com\/web\/wp-json\/wp\/v2\/types\/post"}],"author":[{"embeddable":true,"href":"https:\/\/radiostargjilan.com\/web\/wp-json\/wp\/v2\/users\/1"}],"replies":[{"embeddable":true,"href":"https:\/\/radiostargjilan.com\/web\/wp-json\/wp\/v2\/comments?post=173738"}],"version-history":[{"count":0,"href":"https:\/\/radiostargjilan.com\/web\/wp-json\/wp\/v2\/posts\/173738\/revisions"}],"wp:featuredmedia":[{"embeddable":true,"href":"https:\/\/radiostargjilan.com\/web\/wp-json\/wp\/v2\/media\/173739"}],"wp:attachment":[{"href":"https:\/\/radiostargjilan.com\/web\/wp-json\/wp\/v2\/media?parent=173738"}],"wp:term":[{"taxonomy":"category","embeddable":true,"href":"https:\/\/radiostargjilan.com\/web\/wp-json\/wp\/v2\/categories?post=173738"},{"taxonomy":"post_tag","embeddable":true,"href":"https:\/\/radiostargjilan.com\/web\/wp-json\/wp\/v2\/tags?post=173738"}],"curies":[{"name":"wp","href":"https:\/\/api.w.org\/{rel}","templated":true}]}}