{"id":173750,"date":"2024-06-13T15:29:45","date_gmt":"2024-06-13T13:29:45","guid":{"rendered":"https:\/\/radiostargjilan.com\/web\/?p=173750"},"modified":"2024-06-13T15:29:45","modified_gmt":"2024-06-13T13:29:45","slug":"rel-raporti-i-borrellit-per-masat-ndaj-kosoves-mund-te-shtyhet-per-javen-e-ardhshme","status":"publish","type":"post","link":"https:\/\/radiostargjilan.com\/web\/rel-raporti-i-borrellit-per-masat-ndaj-kosoves-mund-te-shtyhet-per-javen-e-ardhshme\/","title":{"rendered":"REL: Raporti i Borrellit p\u00ebr masat ndaj Kosov\u00ebs mund t\u00eb shtyhet p\u00ebr jav\u00ebn e ardhshme"},"content":{"rendered":"<p><strong>Edhe pse nuk pa pasur nj\u00eb dat\u00eb formale t\u00eb mart\u00ebn e shkuar, m\u00eb 11 qershor, vendeve an\u00ebtare t\u00eb Bashkimit Evropian (BE) duhej t\u2019u dor\u00ebzohej raporti i p\u00ebrfaq\u00ebsuesit t\u00eb lart\u00eb t\u00eb BE-s\u00eb p\u00ebr politik\u00eb t\u00eb jashtme dhe siguri, Josep Borrell, rreth p\u00ebrmbushjes s\u00eb kushteve nga ana e Kosov\u00ebs p\u00ebr heqjen e masave t\u00eb BE-s\u00eb ndaj saj.<\/strong><\/p>\n<p>K\u00ebt\u00eb raporton se ka m\u00ebsuar<a href=\"https:\/\/www.evropaelire.org\/a\/raporti-per-heqjen-e-masave-ndeshkuese-ndaj-kosoves-shtyhet-\/32991503.html\" target=\"_blank\" rel=\"noopener\">\u00a0Radio Evropa e Lir\u00eb<\/a>\u00a0nga burimet diplomatike n\u00eb Bruksel.<\/p>\n<p>K\u00ebto burime kan\u00eb th\u00ebn\u00eb se paraqitja e k\u00ebtij raporti tash pritet t\u00eb jet\u00eb m\u00eb 19 qershor n\u00eb takimin e Komitetit p\u00ebr Politik\u00eb dhe Siguri t\u00eb BE-s\u00eb (PSC). Por, edhe kjo \u00ebsht\u00eb vet\u00ebm \u201ctentativ\u00eb\u201d pasi nuk mund t\u00eb ket\u00eb garanci se kjo do t\u00eb ndodh\u00eb.<\/p>\n<p>&nbsp;<\/p>\n<p>Masat kufizuese ndaj Kosov\u00ebs ishin vendosur para nj\u00eb viti, si pasoj\u00eb e p\u00ebrshkall\u00ebzimit t\u00eb situat\u00ebs s\u00eb siguris\u00eb n\u00eb veri t\u00eb Kosov\u00ebs, kur Prishtina zyrtare d\u00ebrgoi n\u00eb nd\u00ebrtesat e komunave kryetar\u00ebt e zgjedhur n\u00eb zgjedhjet q\u00eb u bojkotuan nga serb\u00ebt.<\/p>\n<p>Masat p\u00ebrfshinin: suspendimin e p\u00ebrkohsh\u00ebm t\u00eb grupeve punuese p\u00ebr Marr\u00ebveshjen e Stabilizim Asociimit, mosftes\u00ebn e Kosov\u00ebs n\u00eb takime t\u00eb nivelit t\u00eb lart\u00eb dhe suspendimn e vizitave bilaterale.<\/p>\n<p>Gjithashtu, u suspendua edhe programimi i fondeve p\u00ebr Kosov\u00ebn, t\u00eb cilat ishin parapar\u00eb t\u00eb dor\u00ebzoheshin p\u00ebrmes Korniz\u00ebs s\u00eb Investimeve n\u00eb Ballkanin Per\u00ebndimor dhe IPA 2024 (Intrumentet e Para-An\u00ebtar\u00ebsimit).<\/p>\n<p>Pas masave nd\u00ebshkuese, Kosova mbeti jasht\u00eb granteve q\u00eb BE-ja miratoi n\u00eb korrik t\u00eb vitit t\u00eb kaluar, n\u00eb vler\u00eb prej 2.1 miliard\u00eb eurosh.<\/p>\n<p>Z\u00ebvend\u00ebskryeministri i Kosov\u00ebs, Besnik Bislimi, ka th\u00ebn\u00eb t\u00eb enjten se n\u00eb raportin e shefit t\u00eb Bashkimit Evropian p\u00ebr politik\u00eb t\u00eb jashtme, Josep Borrell, p\u00ebr hapat q\u00eb ka b\u00ebr\u00eb Kosova n\u00eb p\u00ebrmbushjen e detyrimeve p\u00ebr heqjen e masave t\u00eb BE-s\u00eb, \u201cdo t\u00eb rekomandohet heqja e masave\u201d nd\u00ebshkuese p\u00ebr Kosov\u00ebn.<\/p>\n<p>&nbsp;<\/p>\n<p>Duke raportuar para Komisionit p\u00ebr Integrime Evropiane t\u00eb enjten n\u00eb Prishtin\u00eb, Bislimi theksoi se raporti i Borrellit ka qen\u00eb \u201ci gatsh\u00ebm prej prillit, por ka pasur disa hezitime\u201d p\u00ebr dor\u00ebzimin e tij.<\/p>\n<p>Raportin p\u00ebr hapat q\u00eb ka b\u00ebr\u00eb Kosova p\u00ebr uljen e tensioneve n\u00eb veri t\u00eb vendit nga shefi i diplomacis\u00eb s\u00eb BE-s\u00eb e kishin k\u00ebrkuar vendet an\u00ebtare, n\u00eb m\u00ebnyr\u00eb q\u00eb t\u00eb vler\u00ebsohet n\u00ebse jan\u00eb pjekur kushtet q\u00eb Kosov\u00ebs t\u2019i hiqen masat.<\/p>\n<p>Z\u00ebdh\u00ebn\u00ebsi i BE-s\u00eb p\u00ebr politik\u00eb t\u00eb jashtme dhe siguri, Peter Stano, vazhdon tash e disa jav\u00eb t\u00eb thot\u00eb se \u201craporti \u00ebsht\u00eb n\u00eb faz\u00ebn finale\u201d dhe se do t\u2019u dor\u00ebzohet vendeve an\u00ebtare \u201cs\u00eb shpejti\u201d.<\/p>\n<p>Zyrtarisht nuk ka ndonj\u00eb sqarim p\u00ebr arsyet e vonesave t\u00eb dor\u00ebzimit t\u00eb raportit t\u00eb p\u00ebrfaq\u00ebsuesit t\u00eb lart\u00eb, Borrell. Mir\u00ebpo, jozyrtarisht nga burimet diplomatike n\u00eb BE m\u00ebsohet se probleme ka paraqitur Komisioni Evropian. Sipas k\u00ebtyre burimeve, Komisioni d\u00ebshiron \u201csqarimin e disa pikave t\u00eb raportit\u201d.<\/p>\n<p>&nbsp;<\/p>\n<p>Vendet an\u00ebtare t\u00eb BE-s\u00eb kishin k\u00ebrkuar q\u00eb raporti t\u00eb b\u00ebhet \u201csa m\u00eb par\u00eb q\u00eb t\u00eb jet\u00eb e mundur\u201d, por dor\u00ebzimi i tij ishte shtyr\u00eb disa her\u00eb edhe p\u00ebr shkak t\u00eb veprimeve t\u00eb autoriteteve t\u00eb Kosov\u00ebs p\u00ebr mbylljen e objekteve t\u00eb Bank\u00ebs Kursimore postare t\u00eb Serbis\u00eb n\u00eb pjes\u00ebn veriore t\u00eb Kosov\u00ebs. K\u00ebto veprime ishin quajtur si \u201ct\u00eb nj\u00ebanshme dhe t\u00eb pa koordinuara me potencial q\u00eb t\u00eb nxisin tensione\u201d.<\/p>\n<p>M\u00eb 20 maj 2024, autoritetet n\u00eb Kosov\u00eb kan\u00eb kryer nj\u00eb operacion policor ndaj institucioneve financiare serbe n\u00eb veri t\u00eb Kosov\u00ebs, q\u00eb ka rezultuar me mbylljen e gjasht\u00eb objekteve t\u00eb Bank\u00ebs Kursimore t\u00eb Post\u00ebs dhe Bank\u00ebs Popullore t\u00eb Serbis\u00eb n\u00eb kat\u00ebr komunat n\u00eb veri t\u00eb Kosov\u00ebs, t\u00eb banuara me shumic\u00eb serbe.<\/p>\n<p>Gjat\u00eb aksionit, q\u00eb autoritetet e Kosov\u00ebs e kan\u00eb cil\u00ebsuar si mas\u00eb p\u00ebr vendosjen \u201ce rendit dhe ligjshm\u00ebris\u00eb\u201d, jan\u00eb konfiskuar prova t\u00eb ndryshme, p\u00ebrfshir\u00eb para.<\/p>\n<p>\u201cMasat ishin vendosur si pasoj\u00eb e veprimeve t\u00eb pakoordinuara, t\u00eb nj\u00ebanshme t\u00eb Kosov\u00ebs q\u00eb soll\u00ebn deri n\u00eb eskalimin e situat\u00ebs. Ishin vendosur me q\u00ebllim q\u00eb t\u00eb motivohen autoritetet e Kosov\u00ebs p\u00ebr t\u00eb nd\u00ebrmarr\u00eb hapa p\u00ebr shtensionim. Pra, natyrisht \u00e7far\u00ebdo q\u00eb ka ndikim negativ n\u00eb terren dhe n\u00eb p\u00ebrpjekjet p\u00ebr shtensionim \u00ebsht\u00eb duke u marr\u00eb parasysh dhe duke u p\u00ebrfshir\u00eb n\u00eb raport\u201d, kishte th\u00ebn\u00eb Stano.<\/p>\n<p>&nbsp;<\/p>\n<p>Kur ishte zhvilluar debati p\u00ebr masat ndaj Kosov\u00ebs n\u00eb Komitetin p\u00ebr Politik\u00eb dhe Siguri ku jan\u00eb diplomat\u00ebt e vendeve an\u00ebtare, shumica kishin propozuar q\u00eb ato masat t\u00eb hiqen t\u00ebr\u00ebsisht, nd\u00ebrsa disa shtete \u2013 q\u00eb t\u00eb hiqen gradualisht. Por, tash diplomat\u00ebt presin t\u00eb shohin se \u00e7far\u00eb do t\u00eb p\u00ebrfshihet n\u00eb raportin e Borrellit, n\u00eb m\u00ebnyr\u00eb q\u00eb t\u00eb shprehin pastaj q\u00ebndrimet e tyre.<\/p>\n<p>Sa i p\u00ebrket p\u00ebrmbajtjes s\u00eb raportit, burimet n\u00eb BE nuk duan t\u00eb paragjykojn\u00eb, por thon\u00eb se \u201cpritjet jan\u00eb q\u00eb t\u00eb propozohet heqja e masave\u201d, megjith\u00ebse nuk jan\u00eb t\u00eb sigurt n\u00ebse do t\u00eb k\u00ebrkohet heqja e plot\u00eb e tyre apo vet\u00ebm heqje graduale.<\/p>\n","protected":false},"excerpt":{"rendered":"<p>Edhe pse nuk pa pasur nj\u00eb dat\u00eb formale t\u00eb mart\u00ebn e shkuar, m\u00eb 11 qershor, vendeve an\u00ebtare t\u00eb Bashkimit Evropian (BE) duhej t\u2019u dor\u00ebzohej raporti i p\u00ebrfaq\u00ebsuesit t\u00eb lart\u00eb t\u00eb BE-s\u00eb p\u00ebr politik\u00eb t\u00eb jashtme dhe siguri, Josep Borrell, rreth p\u00ebrmbushjes s\u00eb kushteve nga ana e Kosov\u00ebs p\u00ebr heqjen e masave t\u00eb BE-s\u00eb ndaj saj. [&hellip;]<\/p>\n","protected":false},"author":1,"featured_media":173751,"comment_status":"closed","ping_status":"closed","sticky":false,"template":"","format":"standard","meta":{"footnotes":""},"categories":[5],"tags":[],"class_list":{"0":"post-173750","1":"post","2":"type-post","3":"status-publish","4":"format-standard","5":"has-post-thumbnail","7":"category-lajme"},"_links":{"self":[{"href":"https:\/\/radiostargjilan.com\/web\/wp-json\/wp\/v2\/posts\/173750","targetHints":{"allow":["GET"]}}],"collection":[{"href":"https:\/\/radiostargjilan.com\/web\/wp-json\/wp\/v2\/posts"}],"about":[{"href":"https:\/\/radiostargjilan.com\/web\/wp-json\/wp\/v2\/types\/post"}],"author":[{"embeddable":true,"href":"https:\/\/radiostargjilan.com\/web\/wp-json\/wp\/v2\/users\/1"}],"replies":[{"embeddable":true,"href":"https:\/\/radiostargjilan.com\/web\/wp-json\/wp\/v2\/comments?post=173750"}],"version-history":[{"count":0,"href":"https:\/\/radiostargjilan.com\/web\/wp-json\/wp\/v2\/posts\/173750\/revisions"}],"wp:featuredmedia":[{"embeddable":true,"href":"https:\/\/radiostargjilan.com\/web\/wp-json\/wp\/v2\/media\/173751"}],"wp:attachment":[{"href":"https:\/\/radiostargjilan.com\/web\/wp-json\/wp\/v2\/media?parent=173750"}],"wp:term":[{"taxonomy":"category","embeddable":true,"href":"https:\/\/radiostargjilan.com\/web\/wp-json\/wp\/v2\/categories?post=173750"},{"taxonomy":"post_tag","embeddable":true,"href":"https:\/\/radiostargjilan.com\/web\/wp-json\/wp\/v2\/tags?post=173750"}],"curies":[{"name":"wp","href":"https:\/\/api.w.org\/{rel}","templated":true}]}}