{"id":173770,"date":"2024-06-13T21:51:54","date_gmt":"2024-06-13T19:51:54","guid":{"rendered":"https:\/\/radiostargjilan.com\/web\/?p=173770"},"modified":"2024-06-13T21:51:54","modified_gmt":"2024-06-13T19:51:54","slug":"thaci-e-veseli-nuk-u-permenden-ne-diten-e-clirimit-citaku-kjo-i-ben-me-te-vegjel-vetem-udheheqesit-historine-smund-ta-rishkruajne","status":"publish","type":"post","link":"https:\/\/radiostargjilan.com\/web\/thaci-e-veseli-nuk-u-permenden-ne-diten-e-clirimit-citaku-kjo-i-ben-me-te-vegjel-vetem-udheheqesit-historine-smund-ta-rishkruajne\/","title":{"rendered":"Tha\u00e7i e Veseli nuk u p\u00ebrmend\u00ebn n\u00eb Dit\u00ebn e \u00c7lirimit, \u00c7itaku: Kjo i b\u00ebn m\u00eb t\u00eb vegj\u00ebl vet\u00ebm udh\u00ebheq\u00ebsit, historin\u00eb s\u2019mund ta rishkruajn\u00eb"},"content":{"rendered":"<p><strong>\u201cHistorin\u00eb nuk mund ta rishkruajn\u00eb\u201d, k\u00ebshtu ka deklaruar Sekretarja e P\u00ebrgjithshme e PDK-s\u00eb, Vlora \u00c7itaku duke folur p\u00ebr mos p\u00ebrmendjen e ish krer\u00ebve t\u00eb shtetit dhe ish krer\u00ebve t\u00eb U\u00c7K-s\u00eb q\u00eb gjenden n\u00eb Hag\u00eb, nga lider\u00ebt shtet\u00ebror n\u00eb 25-vjetorin e \u00e7lirimit t\u00eb Kosov\u00ebs.<\/strong><\/p>\n<p>Ajo thot\u00eb se kjo i b\u00ebn m\u00eb t\u00eb vegj\u00ebl vet\u00ebm udh\u00ebheq\u00ebsit aktual t\u00eb shtetit dhe jo ata q\u00eb luftuan p\u00ebr vendin dhe soll\u00ebn lirin\u00eb.<\/p>\n<p>\u201cHistorin\u00eb nuk mund ta rishkruaj\u00eb askush e as nuk mund ta retushoj\u00eb ask\u00ebnd. Jetojm\u00eb n\u00eb nj\u00eb epok\u00eb tjet\u00ebr. Liria dhe pavar\u00ebsia e Kosov\u00ebs \u00ebsht\u00eb pashmangsh\u00ebm e lidhur me sakrific\u00ebn dhe kontributin e grave dhe burrave t\u00eb cil\u00ebt pat\u00ebn guxim ta \u00ebnd\u00ebrrojn\u00eb lirin\u00eb n\u00eb nj\u00eb situat\u00eb jasht\u00ebzakonisht t\u00eb r\u00ebnd\u00eb\u201d.<\/p>\n<p>&nbsp;<\/p>\n<p>\u201cSot sigurisht p\u00ebr t\u00eb rinjt\u00eb dhe t\u00eb rejat q\u00eb i mbushin 25 vjet dhe nuk e kan\u00eb jetuar okupimin mund t\u00eb duket si nj\u00eb skenar filmi, mir\u00ebpo sot ata jetojn\u00eb n\u00eb Kosov\u00ebn e lir\u00eb, lindin n\u00eb Kosov\u00eb t\u00eb lir\u00eb fal\u00eb grave dhe burrave q\u00eb kan\u00eb guxuar ta \u00ebnd\u00ebrrojn\u00eb t\u00eb pamundur\u00ebn, lirin\u00eb dhe pavar\u00ebsin\u00eb dhe kan\u00eb guxuar q\u00eb me nj\u00eb pushk\u00eb n\u00eb dor\u00eb e me nj\u00eb zem\u00ebr t\u00eb madhe, t\u2019i dalin p\u00ebrball\u00eb Serbis\u00eb si nj\u00eb nga fuqit\u00eb m\u00eb t\u00eb m\u00ebdha ushtarake t\u00eb koh\u00ebs\u201d, ka th\u00ebn\u00eb \u00c7itaku p\u00ebr Gazet\u00ebn Blic.<\/p>\n<p>\u201cHashim Tha\u00e7i, Kadri Veseli, Jakup Krasniqi, Rexhep Selimi, n\u00eb Hag\u00eb nuk e p\u00ebrfaq\u00ebsojn\u00eb vet\u00ebm vetveten, nuk jan\u00eb emra t\u00eb p\u00ebrve\u00e7\u00ebm, atje p\u00ebrfaq\u00ebsojn\u00eb nj\u00eb epok\u00eb, p\u00ebrfaq\u00ebsojn\u00eb U\u00c7K-n\u00eb dhe un\u00eb besoj, n\u00ebse ka drejt\u00ebsi, shum\u00eb shpejt do t\u2019i kemi n\u00eb mesin ton\u00eb. Fakti q\u00eb emrat e tyre nuk p\u00ebrmenden nga lider\u00eb institucional\u00eb e politik n\u00eb Kosov\u00eb nuk i b\u00ebn ata m\u00eb t\u00eb vegj\u00ebl, i b\u00ebn m\u00eb t\u00eb vegj\u00ebl vet\u00ebm udh\u00ebheq\u00ebsit\u201d, tha \u00c7itaku.<\/p>\n","protected":false},"excerpt":{"rendered":"<p>\u201cHistorin\u00eb nuk mund ta rishkruajn\u00eb\u201d, k\u00ebshtu ka deklaruar Sekretarja e P\u00ebrgjithshme e PDK-s\u00eb, Vlora \u00c7itaku duke folur p\u00ebr mos p\u00ebrmendjen e ish krer\u00ebve t\u00eb shtetit dhe ish krer\u00ebve t\u00eb U\u00c7K-s\u00eb q\u00eb gjenden n\u00eb Hag\u00eb, nga lider\u00ebt shtet\u00ebror n\u00eb 25-vjetorin e \u00e7lirimit t\u00eb Kosov\u00ebs. Ajo thot\u00eb se kjo i b\u00ebn m\u00eb t\u00eb vegj\u00ebl vet\u00ebm udh\u00ebheq\u00ebsit aktual [&hellip;]<\/p>\n","protected":false},"author":1,"featured_media":173496,"comment_status":"closed","ping_status":"closed","sticky":false,"template":"","format":"standard","meta":{"footnotes":""},"categories":[5],"tags":[],"class_list":{"0":"post-173770","1":"post","2":"type-post","3":"status-publish","4":"format-standard","5":"has-post-thumbnail","7":"category-lajme"},"_links":{"self":[{"href":"https:\/\/radiostargjilan.com\/web\/wp-json\/wp\/v2\/posts\/173770","targetHints":{"allow":["GET"]}}],"collection":[{"href":"https:\/\/radiostargjilan.com\/web\/wp-json\/wp\/v2\/posts"}],"about":[{"href":"https:\/\/radiostargjilan.com\/web\/wp-json\/wp\/v2\/types\/post"}],"author":[{"embeddable":true,"href":"https:\/\/radiostargjilan.com\/web\/wp-json\/wp\/v2\/users\/1"}],"replies":[{"embeddable":true,"href":"https:\/\/radiostargjilan.com\/web\/wp-json\/wp\/v2\/comments?post=173770"}],"version-history":[{"count":0,"href":"https:\/\/radiostargjilan.com\/web\/wp-json\/wp\/v2\/posts\/173770\/revisions"}],"wp:featuredmedia":[{"embeddable":true,"href":"https:\/\/radiostargjilan.com\/web\/wp-json\/wp\/v2\/media\/173496"}],"wp:attachment":[{"href":"https:\/\/radiostargjilan.com\/web\/wp-json\/wp\/v2\/media?parent=173770"}],"wp:term":[{"taxonomy":"category","embeddable":true,"href":"https:\/\/radiostargjilan.com\/web\/wp-json\/wp\/v2\/categories?post=173770"},{"taxonomy":"post_tag","embeddable":true,"href":"https:\/\/radiostargjilan.com\/web\/wp-json\/wp\/v2\/tags?post=173770"}],"curies":[{"name":"wp","href":"https:\/\/api.w.org\/{rel}","templated":true}]}}