{"id":173820,"date":"2024-06-14T20:27:46","date_gmt":"2024-06-14T18:27:46","guid":{"rendered":"https:\/\/radiostargjilan.com\/web\/?p=173820"},"modified":"2024-06-14T20:27:46","modified_gmt":"2024-06-14T18:27:46","slug":"ismet-bexheti-perjeteson-heroizmin-e-ibrahim-uruqit-me-kengen-kushtuar-vepres-se-tij","status":"publish","type":"post","link":"https:\/\/radiostargjilan.com\/web\/ismet-bexheti-perjeteson-heroizmin-e-ibrahim-uruqit-me-kengen-kushtuar-vepres-se-tij\/","title":{"rendered":"Ismet Bexheti p\u00ebrjet\u00ebson heroizmin e Ibrahim Uruqit me k\u00ebng\u00ebn kushtuar vepr\u00ebs s\u00eb tij"},"content":{"rendered":"<p>N\u00eb nder t\u00eb Dit\u00ebs s\u00eb \u00c7lirimit t\u00eb Qytetit t\u00eb Gjilanit m\u00eb 15 qershor, k\u00ebng\u00ebtari i mir\u00ebnjohur Ismet Bexheti ka lansuar nj\u00eb k\u00ebng\u00eb t\u00eb re dedikuar d\u00ebshmorit t\u00eb kombit, Ibrahim Uruqi &#8211; Hushi.<\/p>\n<p>K\u00ebnga, e realizuar nga Olti Production, interpretohet me ndjenj\u00eb dhe p\u00ebrkushtim t\u00eb ve\u00e7ant\u00eb nga Bexheti, duke sjell\u00eb emocion dhe respekt t\u00eb thell\u00eb p\u00ebr vepr\u00ebn heroike t\u00eb Ibrahim Uruqit.<\/p>\n<p>Ibrahim Uruqi \u2013 Hushi ra d\u00ebshmor m\u00eb 21 prill 1999, duke u b\u00ebr\u00eb nj\u00eb simbol i pavdeksh\u00ebm i liris\u00eb dhe sakrific\u00ebs p\u00ebr popullin shqiptar. Heroizmi dhe vepra e tij jan\u00eb t\u00eb paharrueshme, duke u p\u00ebr\u00e7uar brez pas brezi. Uruqi dha jet\u00ebn e tij n\u00eb altarin e liris\u00eb, luftoi p\u00ebr nj\u00eb t\u00eb ardhme m\u00eb t\u00eb mir\u00eb p\u00ebr Kosov\u00ebn dhe popullin e saj.<\/p>\n<p>D\u00ebshmori Ibrahim Uruqi \u2013 Hushi \u00ebsht\u00eb nj\u00eb figur\u00eb ky\u00e7e n\u00eb historin\u00eb e Kosov\u00ebs, i njohur p\u00ebr guximin dhe p\u00ebrkushtimin e tij, duke l\u00ebn\u00eb nj\u00eb gjurm\u00eb t\u00eb pashlyeshme n\u00eb kujtes\u00ebn kolektive t\u00eb kombit. N\u00eb k\u00ebng\u00ebn e publikuar nga Ismet Bexheti, emocionet e sakrific\u00ebs dhe dashuris\u00eb p\u00ebr atdheun shprehen fuqish\u00ebm, duke nderuar jet\u00ebn dhe vepr\u00ebn e Uruqit.<\/p>\n<p>Kjo k\u00ebng\u00eb jo vet\u00ebm q\u00eb p\u00ebrkujton heroizmin e Ibrahim Uruqit, por gjithashtu fuqizon ndjenjat e krenaris\u00eb dhe respektit p\u00ebr t\u00eb gjith\u00eb ata q\u00eb dhan\u00eb jet\u00ebn p\u00ebr lirin\u00eb e Kosov\u00ebs.<\/p>\n<p>Linku i muzikes:<\/p>\n<p><iframe loading=\"lazy\" title=\"Ismet Bexheti - IBRAHIM URUQI (Official Video)\" width=\"1240\" height=\"698\" src=\"https:\/\/www.youtube.com\/embed\/jK4zzp6NUyY?feature=oembed\" frameborder=\"0\" allow=\"accelerometer; autoplay; clipboard-write; encrypted-media; gyroscope; picture-in-picture; web-share\" referrerpolicy=\"strict-origin-when-cross-origin\" allowfullscreen><\/iframe><\/p>\n","protected":false},"excerpt":{"rendered":"<p>N\u00eb nder t\u00eb Dit\u00ebs s\u00eb \u00c7lirimit t\u00eb Qytetit t\u00eb Gjilanit m\u00eb 15 qershor, k\u00ebng\u00ebtari i mir\u00ebnjohur Ismet Bexheti ka lansuar nj\u00eb k\u00ebng\u00eb t\u00eb re dedikuar d\u00ebshmorit t\u00eb kombit, Ibrahim Uruqi &#8211; Hushi. K\u00ebnga, e realizuar nga Olti Production, interpretohet me ndjenj\u00eb dhe p\u00ebrkushtim t\u00eb ve\u00e7ant\u00eb nga Bexheti, duke sjell\u00eb emocion dhe respekt t\u00eb thell\u00eb p\u00ebr [&hellip;]<\/p>\n","protected":false},"author":1,"featured_media":173821,"comment_status":"closed","ping_status":"closed","sticky":false,"template":"","format":"standard","meta":{"footnotes":""},"categories":[18],"tags":[],"class_list":{"0":"post-173820","1":"post","2":"type-post","3":"status-publish","4":"format-standard","5":"has-post-thumbnail","7":"category-muzike"},"_links":{"self":[{"href":"https:\/\/radiostargjilan.com\/web\/wp-json\/wp\/v2\/posts\/173820","targetHints":{"allow":["GET"]}}],"collection":[{"href":"https:\/\/radiostargjilan.com\/web\/wp-json\/wp\/v2\/posts"}],"about":[{"href":"https:\/\/radiostargjilan.com\/web\/wp-json\/wp\/v2\/types\/post"}],"author":[{"embeddable":true,"href":"https:\/\/radiostargjilan.com\/web\/wp-json\/wp\/v2\/users\/1"}],"replies":[{"embeddable":true,"href":"https:\/\/radiostargjilan.com\/web\/wp-json\/wp\/v2\/comments?post=173820"}],"version-history":[{"count":0,"href":"https:\/\/radiostargjilan.com\/web\/wp-json\/wp\/v2\/posts\/173820\/revisions"}],"wp:featuredmedia":[{"embeddable":true,"href":"https:\/\/radiostargjilan.com\/web\/wp-json\/wp\/v2\/media\/173821"}],"wp:attachment":[{"href":"https:\/\/radiostargjilan.com\/web\/wp-json\/wp\/v2\/media?parent=173820"}],"wp:term":[{"taxonomy":"category","embeddable":true,"href":"https:\/\/radiostargjilan.com\/web\/wp-json\/wp\/v2\/categories?post=173820"},{"taxonomy":"post_tag","embeddable":true,"href":"https:\/\/radiostargjilan.com\/web\/wp-json\/wp\/v2\/tags?post=173820"}],"curies":[{"name":"wp","href":"https:\/\/api.w.org\/{rel}","templated":true}]}}