{"id":174012,"date":"2024-06-18T08:28:56","date_gmt":"2024-06-18T06:28:56","guid":{"rendered":"https:\/\/radiostargjilan.com\/web\/?p=174012"},"modified":"2024-06-18T08:28:56","modified_gmt":"2024-06-18T06:28:56","slug":"deshtimi-i-joe-biden-ka-vendosur-shba-ne-rrezik-trump-po-zvarritemi-drejt-luftes-se-trete-boterore","status":"publish","type":"post","link":"https:\/\/radiostargjilan.com\/web\/deshtimi-i-joe-biden-ka-vendosur-shba-ne-rrezik-trump-po-zvarritemi-drejt-luftes-se-trete-boterore\/","title":{"rendered":"\u201cD\u00ebshtimi i Joe Biden ka vendosur SHBA n\u00eb rrezik\u201d, Trump: Po \u201czvarritemi\u201d drejt Luft\u00ebs s\u00eb Tret\u00eb Bot\u00ebrore"},"content":{"rendered":"<p>Ish-presidenti amerikan Donald Trump ka paralajm\u00ebruar mund\u00ebsin\u00eb e shp\u00ebrthimit t\u00eb nj\u00eb lufte t\u00eb tret\u00eb bot\u00ebrore n\u00ebn udh\u00ebheqjen aktuale n\u00eb Uashington, duke th\u00ebn\u00eb se n\u00ebse zgjidhet ai do t\u00eb ndryshoj\u00eb kursin e ngjarjeve.<\/p>\n<p>Duke folur n\u00eb nj\u00eb takim zgjedhor n\u00eb SHBA, Trump theksoi se ai nuk kishte nisur ndonj\u00eb konflikt t\u00eb ri gjat\u00eb presidenc\u00ebs s\u00eb tij 2017-2021 dhe u zotua t\u00eb punoj\u00eb drejt rivendosjes s\u00eb paqes, ve\u00e7an\u00ebrisht n\u00eb Ukrain\u00eb, n\u00ebse fiton nj\u00eb mandat t\u00eb dyt\u00eb.<\/p>\n<p>Trump pohoi se \u201cdob\u00ebsia dhe d\u00ebshtimi\u201d i Joe Biden po i vendosnin SHBA-n\u00eb n\u00eb \u201crrezik t\u00eb madh\u201d dhe po \u201cna zvarrisnin drejt Luft\u00ebs s\u00eb Tret\u00eb Bot\u00ebrore\u201d, duke sugjeruar se ai i ka b\u00ebr\u00eb m\u00eb shum\u00eb d\u00ebm vendit sesa \u201cdhjet\u00eb president\u00ebt m\u00eb t\u00eb k\u00ebqij n\u00eb historin\u00eb e SHBA-s\u00eb s\u00eb bashku\u201d.<\/p>\n<p>\u201cNe kemi shum\u00eb probleme n\u00eb k\u00ebt\u00eb vend, p\u00ebr m\u00eb tep\u00ebr, ne mund t\u00eb p\u00ebrfundojm\u00eb n\u00eb Luft\u00ebn e Tret\u00eb Bot\u00ebrore sepse kemi nj\u00eb udh\u00ebheq\u00ebs t\u00eb paaft\u00eb q\u00eb nuk duhet t\u00eb kishte qen\u00eb kurr\u00eb atje\u201d, theksoi ai.<\/p>\n","protected":false},"excerpt":{"rendered":"<p>Ish-presidenti amerikan Donald Trump ka paralajm\u00ebruar mund\u00ebsin\u00eb e shp\u00ebrthimit t\u00eb nj\u00eb lufte t\u00eb tret\u00eb bot\u00ebrore n\u00ebn udh\u00ebheqjen aktuale n\u00eb Uashington, duke th\u00ebn\u00eb se n\u00ebse zgjidhet ai do t\u00eb ndryshoj\u00eb kursin e ngjarjeve. Duke folur n\u00eb nj\u00eb takim zgjedhor n\u00eb SHBA, Trump theksoi se ai nuk kishte nisur ndonj\u00eb konflikt t\u00eb ri gjat\u00eb presidenc\u00ebs s\u00eb tij [&hellip;]<\/p>\n","protected":false},"author":1,"featured_media":174013,"comment_status":"closed","ping_status":"closed","sticky":false,"template":"","format":"standard","meta":{"footnotes":""},"categories":[5],"tags":[],"class_list":{"0":"post-174012","1":"post","2":"type-post","3":"status-publish","4":"format-standard","5":"has-post-thumbnail","7":"category-lajme"},"_links":{"self":[{"href":"https:\/\/radiostargjilan.com\/web\/wp-json\/wp\/v2\/posts\/174012","targetHints":{"allow":["GET"]}}],"collection":[{"href":"https:\/\/radiostargjilan.com\/web\/wp-json\/wp\/v2\/posts"}],"about":[{"href":"https:\/\/radiostargjilan.com\/web\/wp-json\/wp\/v2\/types\/post"}],"author":[{"embeddable":true,"href":"https:\/\/radiostargjilan.com\/web\/wp-json\/wp\/v2\/users\/1"}],"replies":[{"embeddable":true,"href":"https:\/\/radiostargjilan.com\/web\/wp-json\/wp\/v2\/comments?post=174012"}],"version-history":[{"count":0,"href":"https:\/\/radiostargjilan.com\/web\/wp-json\/wp\/v2\/posts\/174012\/revisions"}],"wp:featuredmedia":[{"embeddable":true,"href":"https:\/\/radiostargjilan.com\/web\/wp-json\/wp\/v2\/media\/174013"}],"wp:attachment":[{"href":"https:\/\/radiostargjilan.com\/web\/wp-json\/wp\/v2\/media?parent=174012"}],"wp:term":[{"taxonomy":"category","embeddable":true,"href":"https:\/\/radiostargjilan.com\/web\/wp-json\/wp\/v2\/categories?post=174012"},{"taxonomy":"post_tag","embeddable":true,"href":"https:\/\/radiostargjilan.com\/web\/wp-json\/wp\/v2\/tags?post=174012"}],"curies":[{"name":"wp","href":"https:\/\/api.w.org\/{rel}","templated":true}]}}