{"id":174029,"date":"2024-06-18T12:30:43","date_gmt":"2024-06-18T10:30:43","guid":{"rendered":"https:\/\/radiostargjilan.com\/web\/?p=174029"},"modified":"2024-06-18T12:30:43","modified_gmt":"2024-06-18T10:30:43","slug":"temperatura-te-larta-te-marten-ikshpk-thirrje-per-kujdes","status":"publish","type":"post","link":"https:\/\/radiostargjilan.com\/web\/temperatura-te-larta-te-marten-ikshpk-thirrje-per-kujdes\/","title":{"rendered":"Temperatura t\u00eb larta t\u00eb mart\u00ebn, IKSHPK thirrje p\u00ebr kujdes"},"content":{"rendered":"<p>Temperatura t\u00eb larta do t\u00eb ket\u00eb t\u00eb mart\u00ebn n\u00eb Kosov\u00eb.<\/p>\n<p>Sipas Institutit Hidrometeorologjik t\u00eb Kosov\u00ebs temperaturat maksimale do t\u00eb jen\u00eb nga 28-32 grad\u00eb Celsius.<\/p>\n<p>\u201cMoti me diell dhe pjes\u00ebrisht i vran\u00ebt. Temperaturat minimale do t\u00eb l\u00ebvizin nd\u00ebrmjet 10-15 grad\u00eb Celsius, nd\u00ebrsa maksimalet e dit\u00ebs parashihen t\u00eb l\u00ebvizin nd\u00ebrmjet 28-32 grad\u00eb Celsius, Do t\u00eb fryj\u00eb er\u00eb nga drejtimi jugper\u00ebndimit me shpejt\u00ebsi 1-4m\/s\u201d, thuhet n\u00eb njoftimin e IHMK-s\u00eb.<\/p>\n<p>T\u00eb h\u00ebn\u00ebn Instituti i Komb\u00ebtar i Sh\u00ebndetit Publik ka b\u00ebr\u00eb thirrje p\u00ebr kujdes gjat\u00eb dit\u00ebs si dhe ka publikuar disa rekomandime p\u00ebr kujdes nga temperaturat e larta.<\/p>\n<p>\u201cTemperaturat e larta q\u00eb mbret\u00ebrojn\u00eb n\u00eb sezonin e ver\u00ebs ndikojn\u00eb negativisht n\u00eb organizmin e njeriut sidomos te t\u00eb moshuarit. Duke u ekspozuar n\u00eb diell p\u00ebr nj\u00eb koh\u00eb t\u00eb gjat\u00eb mund t\u00eb p\u00ebsojm\u00eb goditje nga t\u00eb nxehtit q\u00eb \u00e7on n\u00eb dehidrim t\u00eb organizmit p\u00ebrcjell\u00eb me ng\u00ebr\u00e7e, vjellje, \u00e7rregullime diarreike, skuqje dhe djegie t\u00eb l\u00ebkur\u00ebs duke komplikuar sistemin kardiovaskular deri n\u00eb insufi\u00e7ienc\u00eb renale\u201d, thuhet nga IKSHPK.<\/p>\n<p>Sipas IKSHPK-s\u00eb e domosdoshme \u00ebsht\u00eb marrja e 2 litrave l\u00ebngje gjat\u00eb dit\u00ebs, qoft\u00eb si 8 gota uj\u00eb ose n\u00eb form\u00eb supe ose \u00e7aji; po ashtu duhet anashkaluar ushqimin e f\u00ebrguar, shum\u00eb t\u00eb njelm\u00ebt ose t\u00eb \u00ebmb\u00ebl ose me m\u00eblmesa t\u00eb shumta, nd\u00ebrsa duhet marr\u00eb shum\u00eb pem\u00eb dhe perime sezonale.<\/p>\n","protected":false},"excerpt":{"rendered":"<p>Temperatura t\u00eb larta do t\u00eb ket\u00eb t\u00eb mart\u00ebn n\u00eb Kosov\u00eb. Sipas Institutit Hidrometeorologjik t\u00eb Kosov\u00ebs temperaturat maksimale do t\u00eb jen\u00eb nga 28-32 grad\u00eb Celsius. \u201cMoti me diell dhe pjes\u00ebrisht i vran\u00ebt. Temperaturat minimale do t\u00eb l\u00ebvizin nd\u00ebrmjet 10-15 grad\u00eb Celsius, nd\u00ebrsa maksimalet e dit\u00ebs parashihen t\u00eb l\u00ebvizin nd\u00ebrmjet 28-32 grad\u00eb Celsius, Do t\u00eb fryj\u00eb er\u00eb [&hellip;]<\/p>\n","protected":false},"author":1,"featured_media":173464,"comment_status":"closed","ping_status":"closed","sticky":false,"template":"","format":"standard","meta":{"footnotes":""},"categories":[5],"tags":[],"class_list":{"0":"post-174029","1":"post","2":"type-post","3":"status-publish","4":"format-standard","5":"has-post-thumbnail","7":"category-lajme"},"_links":{"self":[{"href":"https:\/\/radiostargjilan.com\/web\/wp-json\/wp\/v2\/posts\/174029","targetHints":{"allow":["GET"]}}],"collection":[{"href":"https:\/\/radiostargjilan.com\/web\/wp-json\/wp\/v2\/posts"}],"about":[{"href":"https:\/\/radiostargjilan.com\/web\/wp-json\/wp\/v2\/types\/post"}],"author":[{"embeddable":true,"href":"https:\/\/radiostargjilan.com\/web\/wp-json\/wp\/v2\/users\/1"}],"replies":[{"embeddable":true,"href":"https:\/\/radiostargjilan.com\/web\/wp-json\/wp\/v2\/comments?post=174029"}],"version-history":[{"count":0,"href":"https:\/\/radiostargjilan.com\/web\/wp-json\/wp\/v2\/posts\/174029\/revisions"}],"wp:featuredmedia":[{"embeddable":true,"href":"https:\/\/radiostargjilan.com\/web\/wp-json\/wp\/v2\/media\/173464"}],"wp:attachment":[{"href":"https:\/\/radiostargjilan.com\/web\/wp-json\/wp\/v2\/media?parent=174029"}],"wp:term":[{"taxonomy":"category","embeddable":true,"href":"https:\/\/radiostargjilan.com\/web\/wp-json\/wp\/v2\/categories?post=174029"},{"taxonomy":"post_tag","embeddable":true,"href":"https:\/\/radiostargjilan.com\/web\/wp-json\/wp\/v2\/tags?post=174029"}],"curies":[{"name":"wp","href":"https:\/\/api.w.org\/{rel}","templated":true}]}}