{"id":174031,"date":"2024-06-18T13:45:35","date_gmt":"2024-06-18T11:45:35","guid":{"rendered":"https:\/\/radiostargjilan.com\/web\/?p=174031"},"modified":"2024-06-18T13:45:35","modified_gmt":"2024-06-18T11:45:35","slug":"a-do-ti-hiqen-masat-kosoves-kurti-nuk-spekuloj-per-spekulimet","status":"publish","type":"post","link":"https:\/\/radiostargjilan.com\/web\/a-do-ti-hiqen-masat-kosoves-kurti-nuk-spekuloj-per-spekulimet\/","title":{"rendered":"A do t\u2019i hiqen masat Kosov\u00ebs?, Kurti: Nuk spekuloj p\u00ebr spekulimet"},"content":{"rendered":"<p>Kryeministri i Kosov\u00ebs nuk i ka komentuar deklaratat e zyrtar\u00ebve t\u00eb Bashkimit Evropian, t\u00eb cil\u00ebt i kan\u00eb quajtur spekulime, lajmet se do t\u00eb hiqen masat e vendosura p\u00ebr Kosov\u00ebn.<\/p>\n<p>Kreu i ekzekutivit, i pyetur nga gazetar\u00ebt n\u00ebse beson se BE-ja do t\u2019ia heq Kosov\u00ebn masat, ai tha se nuk d\u00ebshiron t\u00eb spekuloj\u00eb p\u00ebr spekulimet.<\/p>\n<p>\u201cNuk mendoj se duhet t\u00eb spekuloj p\u00ebr spekulimet\u201d, tha shkurt Kurti.<\/p>\n<p>Zyrtar\u00eb t\u00eb Bashkimit Evropian kan\u00eb th\u00ebn\u00eb n\u00eb fillim t\u00eb k\u00ebsaj jave se heqja e masave nd\u00ebshkuese ndaj Kosov\u00ebs \u00ebsht\u00eb \u00e7\u00ebshtje institucionale e vendeve an\u00ebtare dhe jo e dikujt nga jasht\u00eb q\u00eb t\u00eb p\u00ebrpiqet t\u00eb spekuloj\u00eb p\u00ebr p\u00ebrmbajtjen dhe afatet kohore.<\/p>\n<p>\u201cDo t\u00eb b\u00ebhet n\u00eb koh\u00ebn q\u00eb \u00ebsht\u00eb e duhur p\u00ebr P\u00ebrfaq\u00ebsuesin e Lart\u00eb dhe shtetet an\u00ebtare dhe p\u00ebrmbajtjen do ta shohin dhe diskutojn\u00eb fillimisht shtetet an\u00ebtare dhe m\u00eb pas t\u00eb marrin vendimet e nevojshme. Dhe kur kjo t\u00eb ket\u00eb ndodhur ose kur kjo do t\u00eb ndodh\u00eb, do t\u2019i njoftojm\u00eb koleg\u00ebt tan\u00eb n\u00eb Kosov\u00eb se cili \u00ebsht\u00eb rezultati. Pra nuk ka hap\u00ebsir\u00eb dhe nuk shohim arsye p\u00ebr k\u00ebto spekulime publike dhe njoftime nga aktor\u00eb t\u00eb ndrysh\u00ebm\u201d, tha gjat\u00eb nj\u00eb konference, t\u00eb h\u00ebn\u00eb, z\u00ebdh\u00ebn\u00ebsi i Bashkimit Evropian, Peter Stano<\/p>\n","protected":false},"excerpt":{"rendered":"<p>Kryeministri i Kosov\u00ebs nuk i ka komentuar deklaratat e zyrtar\u00ebve t\u00eb Bashkimit Evropian, t\u00eb cil\u00ebt i kan\u00eb quajtur spekulime, lajmet se do t\u00eb hiqen masat e vendosura p\u00ebr Kosov\u00ebn. Kreu i ekzekutivit, i pyetur nga gazetar\u00ebt n\u00ebse beson se BE-ja do t\u2019ia heq Kosov\u00ebn masat, ai tha se nuk d\u00ebshiron t\u00eb spekuloj\u00eb p\u00ebr spekulimet. \u201cNuk [&hellip;]<\/p>\n","protected":false},"author":1,"featured_media":174032,"comment_status":"closed","ping_status":"closed","sticky":false,"template":"","format":"standard","meta":{"footnotes":""},"categories":[5],"tags":[],"class_list":{"0":"post-174031","1":"post","2":"type-post","3":"status-publish","4":"format-standard","5":"has-post-thumbnail","7":"category-lajme"},"_links":{"self":[{"href":"https:\/\/radiostargjilan.com\/web\/wp-json\/wp\/v2\/posts\/174031","targetHints":{"allow":["GET"]}}],"collection":[{"href":"https:\/\/radiostargjilan.com\/web\/wp-json\/wp\/v2\/posts"}],"about":[{"href":"https:\/\/radiostargjilan.com\/web\/wp-json\/wp\/v2\/types\/post"}],"author":[{"embeddable":true,"href":"https:\/\/radiostargjilan.com\/web\/wp-json\/wp\/v2\/users\/1"}],"replies":[{"embeddable":true,"href":"https:\/\/radiostargjilan.com\/web\/wp-json\/wp\/v2\/comments?post=174031"}],"version-history":[{"count":0,"href":"https:\/\/radiostargjilan.com\/web\/wp-json\/wp\/v2\/posts\/174031\/revisions"}],"wp:featuredmedia":[{"embeddable":true,"href":"https:\/\/radiostargjilan.com\/web\/wp-json\/wp\/v2\/media\/174032"}],"wp:attachment":[{"href":"https:\/\/radiostargjilan.com\/web\/wp-json\/wp\/v2\/media?parent=174031"}],"wp:term":[{"taxonomy":"category","embeddable":true,"href":"https:\/\/radiostargjilan.com\/web\/wp-json\/wp\/v2\/categories?post=174031"},{"taxonomy":"post_tag","embeddable":true,"href":"https:\/\/radiostargjilan.com\/web\/wp-json\/wp\/v2\/tags?post=174031"}],"curies":[{"name":"wp","href":"https:\/\/api.w.org\/{rel}","templated":true}]}}