{"id":174034,"date":"2024-06-18T17:24:12","date_gmt":"2024-06-18T15:24:12","guid":{"rendered":"https:\/\/radiostargjilan.com\/web\/?p=174034"},"modified":"2024-06-18T17:24:12","modified_gmt":"2024-06-18T15:24:12","slug":"shtyhet-afati-per-rekrutimin-e-kadeteve-te-rinj-data-e-fundit-24-qershor","status":"publish","type":"post","link":"https:\/\/radiostargjilan.com\/web\/shtyhet-afati-per-rekrutimin-e-kadeteve-te-rinj-data-e-fundit-24-qershor\/","title":{"rendered":"Shtyhet afati p\u00ebr rekrutimin e kadet\u00ebve t\u00eb rinj, data e fundit 24 qershor"},"content":{"rendered":"<p>Ministria e Mbrojtjes ka njoftuar se afati p\u00ebr konkurrim n\u00eb konkursin e shpallur m\u00eb 3 qershor, p\u00ebr rektrutimin e kadet\u00ebve p\u00ebr vitin 20224\/2025 \u00ebsht\u00eb zgjatur edhe p\u00ebr shtat\u00eb dit\u00eb tjera.<\/p>\n<p>N\u00eb njoftimin e Ministris\u00eb thuhet se data e fundit p\u00ebr aplikim \u00ebsht\u00eb 24 qershor 2024 dhe se personat q\u00eb kan\u00eb aplikuar nuk kan\u00eb nevoj\u00eb t\u00eb aplikojn\u00eb s\u00ebrish.<\/p>\n<p>\u201cMinistria e Mbrojtjes njofton t\u00eb gjith\u00eb kandidat\u00ebt e interesuar se afati p\u00ebr konkurrim n\u00eb konkursin e shpallur m\u00eb 3 qershor, p\u00ebr rekrutimin e kadet\u00ebve p\u00ebr vitin 2024\/2025,\u00a0 vazhdohet edhe p\u00ebr shtat\u00eb dit\u00eb tjera dhe data e fundit p\u00ebr aplikim \u00ebsht\u00eb deri m\u00eb 24.06.2024. T\u00eb gjith\u00eb kandidat\u00ebt t\u00eb cil\u00ebt kan\u00eb konkurruar nuk kan\u00eb nevoj\u00eb p\u00ebr rikonkurrim.\u201d, ka th\u00ebn\u00eb ministria.<\/p>\n<p><iframe loading=\"lazy\" src=\"https:\/\/www.facebook.com\/plugins\/post.php?href=https%3A%2F%2Fwww.facebook.com%2FOfficialMFSRKS%2Fposts%2Fpfbid0CfAkgTS82M4zu63WMDqFv7GUGHGBPZ8GC2DpFDMXeVUkv5CNHym4gAWSE6B6WxuAl&amp;show_text=true&amp;width=500\" width=\"500\" height=\"773\" frameborder=\"0\" scrolling=\"no\" allowfullscreen=\"allowfullscreen\"><\/iframe><\/p>\n","protected":false},"excerpt":{"rendered":"<p>Ministria e Mbrojtjes ka njoftuar se afati p\u00ebr konkurrim n\u00eb konkursin e shpallur m\u00eb 3 qershor, p\u00ebr rektrutimin e kadet\u00ebve p\u00ebr vitin 20224\/2025 \u00ebsht\u00eb zgjatur edhe p\u00ebr shtat\u00eb dit\u00eb tjera. N\u00eb njoftimin e Ministris\u00eb thuhet se data e fundit p\u00ebr aplikim \u00ebsht\u00eb 24 qershor 2024 dhe se personat q\u00eb kan\u00eb aplikuar nuk kan\u00eb nevoj\u00eb t\u00eb [&hellip;]<\/p>\n","protected":false},"author":1,"featured_media":174035,"comment_status":"closed","ping_status":"closed","sticky":false,"template":"","format":"standard","meta":{"footnotes":""},"categories":[5],"tags":[],"class_list":{"0":"post-174034","1":"post","2":"type-post","3":"status-publish","4":"format-standard","5":"has-post-thumbnail","7":"category-lajme"},"_links":{"self":[{"href":"https:\/\/radiostargjilan.com\/web\/wp-json\/wp\/v2\/posts\/174034","targetHints":{"allow":["GET"]}}],"collection":[{"href":"https:\/\/radiostargjilan.com\/web\/wp-json\/wp\/v2\/posts"}],"about":[{"href":"https:\/\/radiostargjilan.com\/web\/wp-json\/wp\/v2\/types\/post"}],"author":[{"embeddable":true,"href":"https:\/\/radiostargjilan.com\/web\/wp-json\/wp\/v2\/users\/1"}],"replies":[{"embeddable":true,"href":"https:\/\/radiostargjilan.com\/web\/wp-json\/wp\/v2\/comments?post=174034"}],"version-history":[{"count":0,"href":"https:\/\/radiostargjilan.com\/web\/wp-json\/wp\/v2\/posts\/174034\/revisions"}],"wp:featuredmedia":[{"embeddable":true,"href":"https:\/\/radiostargjilan.com\/web\/wp-json\/wp\/v2\/media\/174035"}],"wp:attachment":[{"href":"https:\/\/radiostargjilan.com\/web\/wp-json\/wp\/v2\/media?parent=174034"}],"wp:term":[{"taxonomy":"category","embeddable":true,"href":"https:\/\/radiostargjilan.com\/web\/wp-json\/wp\/v2\/categories?post=174034"},{"taxonomy":"post_tag","embeddable":true,"href":"https:\/\/radiostargjilan.com\/web\/wp-json\/wp\/v2\/tags?post=174034"}],"curies":[{"name":"wp","href":"https:\/\/api.w.org\/{rel}","templated":true}]}}