{"id":174037,"date":"2024-06-18T17:48:06","date_gmt":"2024-06-18T15:48:06","guid":{"rendered":"https:\/\/radiostargjilan.com\/web\/?p=174037"},"modified":"2024-06-18T17:48:06","modified_gmt":"2024-06-18T15:48:06","slug":"thacit-dhe-veselit-iu-vazhdohet-paraburgimi","status":"publish","type":"post","link":"https:\/\/radiostargjilan.com\/web\/thacit-dhe-veselit-iu-vazhdohet-paraburgimi\/","title":{"rendered":"Tha\u00e7it dhe Veselit iu vazhdohet paraburgimi"},"content":{"rendered":"<p>Dhomat e Specializuara t\u00eb Kosov\u00ebs n\u00eb Hag\u00eb kan\u00eb marr\u00eb vendim p\u00ebr vazhdimin e mas\u00ebs s\u00eb paraburgimit edhe p\u00ebr dy muaj t\u00eb tjer\u00eb p\u00ebr Hashim Tha\u00e7in dhe Kadri Veselin.<\/p>\n<p>Kryetari i trupit gjykues e ka obliguar Zyr\u00ebn e Prokurorit t\u00eb Specializuar q\u00eb dor\u00ebzimet e veta p\u00ebr shqyrtimin e radh\u00ebs t\u00eb paraburgimit p\u00ebr dy t\u00eb akuzuarit, t\u2019i paraqes jo m\u00eb von\u00eb se 25 korriku 2024.<\/p>\n<p>\u201cP\u00ebr arsyet e p\u00ebrmendura m\u00eb lart, Paneli urdh\u00ebron k\u00ebtu: (a) Vazhdimin e paraburgimit t\u00eb z. Tha\u00e7i; dhe (b) Urdh\u00ebron Prokurorin Special t\u00eb paraqes\u00eb dor\u00ebzimet p\u00ebr shqyrtimin e ardhsh\u00ebm t\u00eb paraburgimit t\u00eb z. Tha\u00e7i jo m\u00eb von\u00eb se t\u00eb enjten, m\u00eb 25 korrik 2024, n\u00eb or\u00ebn 16:00, me p\u00ebrgjigjen dhe kund\u00ebrp\u00ebrgjigjen q\u00eb do t\u00eb ndjekin afatin e p\u00ebrcaktuar n\u00eb Rregull\u00ebn 76\u2026. P\u00ebr arsyet e p\u00ebrmendura m\u00eb lart, Paneli k\u00ebtu: a) URDH\u00cbRON vazhdimin e paraburgimit t\u00eb z. Veseli; dhe b) URDH\u00cbRON ZPS-n\u00eb t\u00eb paraqes\u00eb dor\u00ebzimet p\u00ebr shqyrtimin e ardhsh\u00ebm t\u00eb paraburgimit t\u00eb z. Veseli jo m\u00eb von\u00eb se t\u00eb enjten, m\u00eb 25 korrik 2024, n\u00eb or\u00ebn 16:00, me p\u00ebrgjigjen dhe kund\u00ebrp\u00ebrgjigjen q\u00eb do t\u00eb ndjekin afatin e p\u00ebrcaktuar n\u00eb Rregull\u00ebn 76\u201d, thuhet n\u00eb dispozitivin e dy vendimeve p\u00ebr Tha\u00e7in e Veselin.<\/p>\n<p>Ashtu si p\u00ebr Tha\u00e7in, edhe p\u00ebr Veselin, ZPS-ja ka argumentuar se paraburgimi ndaj tyre mbetet proporcional dhe i arsyesh\u00ebm duke iu referuar edhe gjetjeve t\u00eb m\u00ebparshme t\u00eb trupit gjykues.<\/p>\n","protected":false},"excerpt":{"rendered":"<p>Dhomat e Specializuara t\u00eb Kosov\u00ebs n\u00eb Hag\u00eb kan\u00eb marr\u00eb vendim p\u00ebr vazhdimin e mas\u00ebs s\u00eb paraburgimit edhe p\u00ebr dy muaj t\u00eb tjer\u00eb p\u00ebr Hashim Tha\u00e7in dhe Kadri Veselin. Kryetari i trupit gjykues e ka obliguar Zyr\u00ebn e Prokurorit t\u00eb Specializuar q\u00eb dor\u00ebzimet e veta p\u00ebr shqyrtimin e radh\u00ebs t\u00eb paraburgimit p\u00ebr dy t\u00eb akuzuarit, t\u2019i [&hellip;]<\/p>\n","protected":false},"author":1,"featured_media":174038,"comment_status":"closed","ping_status":"closed","sticky":false,"template":"","format":"standard","meta":{"footnotes":""},"categories":[5],"tags":[],"class_list":{"0":"post-174037","1":"post","2":"type-post","3":"status-publish","4":"format-standard","5":"has-post-thumbnail","7":"category-lajme"},"_links":{"self":[{"href":"https:\/\/radiostargjilan.com\/web\/wp-json\/wp\/v2\/posts\/174037","targetHints":{"allow":["GET"]}}],"collection":[{"href":"https:\/\/radiostargjilan.com\/web\/wp-json\/wp\/v2\/posts"}],"about":[{"href":"https:\/\/radiostargjilan.com\/web\/wp-json\/wp\/v2\/types\/post"}],"author":[{"embeddable":true,"href":"https:\/\/radiostargjilan.com\/web\/wp-json\/wp\/v2\/users\/1"}],"replies":[{"embeddable":true,"href":"https:\/\/radiostargjilan.com\/web\/wp-json\/wp\/v2\/comments?post=174037"}],"version-history":[{"count":0,"href":"https:\/\/radiostargjilan.com\/web\/wp-json\/wp\/v2\/posts\/174037\/revisions"}],"wp:featuredmedia":[{"embeddable":true,"href":"https:\/\/radiostargjilan.com\/web\/wp-json\/wp\/v2\/media\/174038"}],"wp:attachment":[{"href":"https:\/\/radiostargjilan.com\/web\/wp-json\/wp\/v2\/media?parent=174037"}],"wp:term":[{"taxonomy":"category","embeddable":true,"href":"https:\/\/radiostargjilan.com\/web\/wp-json\/wp\/v2\/categories?post=174037"},{"taxonomy":"post_tag","embeddable":true,"href":"https:\/\/radiostargjilan.com\/web\/wp-json\/wp\/v2\/tags?post=174037"}],"curies":[{"name":"wp","href":"https:\/\/api.w.org\/{rel}","templated":true}]}}