{"id":174348,"date":"2024-06-22T16:46:46","date_gmt":"2024-06-22T14:46:46","guid":{"rendered":"https:\/\/radiostargjilan.com\/web\/?p=174348"},"modified":"2024-06-22T16:46:46","modified_gmt":"2024-06-22T14:46:46","slug":"drejtoresha-e-arsimit-ne-gjilan-zgjedh-pushimet-ne-zvicer-gjate-testit-te-matures","status":"publish","type":"post","link":"https:\/\/radiostargjilan.com\/web\/drejtoresha-e-arsimit-ne-gjilan-zgjedh-pushimet-ne-zvicer-gjate-testit-te-matures\/","title":{"rendered":"Drejtoresha e Arsimit n\u00eb Gjilan, zgjedh pushimet n\u00eb Zvic\u00ebr gjat\u00eb testit t\u00eb matur\u00ebs"},"content":{"rendered":"<p>Sot \u00ebsht\u00eb mbajtur testi i matur\u00ebs shtet\u00ebrore, nj\u00eb ngjarje e r\u00ebnd\u00ebsishme p\u00ebr maturant\u00ebt n\u00eb mbar\u00eb vendin. Megjithat\u00eb, n\u00eb k\u00ebt\u00eb dit\u00eb t\u00eb r\u00ebnd\u00ebsishme, Drejtoresha e Arsimit n\u00eb Gjilan nuk \u00ebsht\u00eb par\u00eb pran\u00eb maturant\u00ebve, duke zgjedhur t\u00eb kaloj\u00eb pushimet n\u00eb Zvic\u00ebr.<\/p>\n<p>Burime brenda Drejtoris\u00eb Komunale t\u00eb Arsimit (DKA) kan\u00eb konfirmuar p\u00ebr Radion Star se Drejtoresha e Arsimit nuk ishte e pranishme gjat\u00eb zhvillimit t\u00eb testit t\u00eb matur\u00ebs. <\/p>\n<p>Sipas k\u00ebtyre burimeve, kjo ngjarje nuk kishte r\u00ebnd\u00ebsi p\u00ebr t\u00eb sa pushimet e saj n\u00eb Zvic\u00ebr. N\u00eb vend t\u00eb saj, t\u00eb pranish\u00ebm p\u00ebr t\u00eb mb\u00ebshtetur maturant\u00ebt ishin N\u00ebnkryetarja e Gjilanit, Leonora Morina-Bunjaku.<\/p>\n<p>Mungesa e Drejtoresh\u00ebs s\u00eb Arsimit ka ngjallur reagime t\u00eb ndryshme n\u00eb komunitetin e arsimtar\u00ebve dhe prind\u00ebrve, t\u00eb cil\u00ebt e kan\u00eb kritikuar vendimin e saj p\u00ebr t\u00eb mos qen\u00eb e pranishme n\u00eb nj\u00eb nga dit\u00ebt m\u00eb t\u00eb r\u00ebnd\u00ebsishme t\u00eb vitit shkollor. <\/p>\n<p>Ata argumentojn\u00eb se prania e saj do t\u00eb kishte qen\u00eb nj\u00eb mb\u00ebshtetje morale dhe profesionale p\u00ebr maturant\u00ebt q\u00eb po p\u00ebrballen me nj\u00eb nga provimet m\u00eb t\u00eb r\u00ebnd\u00ebsishme t\u00eb jet\u00ebs s\u00eb tyre akademike.<\/p>\n<p>\u201c\u00cbsht\u00eb zhg\u00ebnjyese q\u00eb n\u00eb nj\u00eb dit\u00eb kaq t\u00eb r\u00ebnd\u00ebsishme, Drejtoresha e Arsimit ka zgjedhur t\u00eb jet\u00eb larg Gjilanit. Maturant\u00ebt meritojn\u00eb t\u00eb ndihen t\u00eb mb\u00ebshtetur nga udh\u00ebheq\u00ebsit e tyre arsimor\u00eb,\u201d ka th\u00ebn\u00eb nj\u00eb m\u00ebsuese e shkoll\u00ebs s\u00eb mesme n\u00eb Gjilan, e cila d\u00ebshiroi t\u00eb mbetet anonime.<\/p>\n<p>Drejtoria Komunale e Arsimit ende nuk ka dh\u00ebn\u00eb nj\u00eb deklarat\u00eb zyrtare n\u00eb lidhje me munges\u00ebn e Drejtoresh\u00ebs gjat\u00eb testit t\u00eb matur\u00ebs. <\/p>\n<p>Megjithat\u00eb, kjo situat\u00eb ka ngritur pyetje n\u00eb lidhje me prioritetet dhe p\u00ebrgjegj\u00ebsin\u00eb e udh\u00ebheq\u00ebsve arsimor\u00eb n\u00eb Gjilan.<\/p>\n<p>Kjo ngjarje vjen n\u00eb nj\u00eb koh\u00eb kur sistemi arsimor n\u00eb Kosov\u00eb p\u00ebrballet me sfida t\u00eb shumta, duke p\u00ebrfshir\u00eb p\u00ebrmir\u00ebsimin e cil\u00ebsis\u00eb s\u00eb arsimit dhe p\u00ebrgatitjen e nx\u00ebn\u00ebsve p\u00ebr sfidat e s\u00eb ardhmes. Prandaj, prania dhe angazhimi i udh\u00ebheq\u00ebsve arsimor\u00eb \u00ebsht\u00eb thelb\u00ebsor p\u00ebr t\u00eb siguruar nj\u00eb mb\u00ebshtetje t\u00eb vazhdueshme p\u00ebr nx\u00ebn\u00ebsit dhe m\u00ebsimdh\u00ebn\u00ebsit.<\/p>\n","protected":false},"excerpt":{"rendered":"<p>Sot \u00ebsht\u00eb mbajtur testi i matur\u00ebs shtet\u00ebrore, nj\u00eb ngjarje e r\u00ebnd\u00ebsishme p\u00ebr maturant\u00ebt n\u00eb mbar\u00eb vendin. Megjithat\u00eb, n\u00eb k\u00ebt\u00eb dit\u00eb t\u00eb r\u00ebnd\u00ebsishme, Drejtoresha e Arsimit n\u00eb Gjilan nuk \u00ebsht\u00eb par\u00eb pran\u00eb maturant\u00ebve, duke zgjedhur t\u00eb kaloj\u00eb pushimet n\u00eb Zvic\u00ebr. Burime brenda Drejtoris\u00eb Komunale t\u00eb Arsimit (DKA) kan\u00eb konfirmuar p\u00ebr Radion Star se Drejtoresha e Arsimit [&hellip;]<\/p>\n","protected":false},"author":1,"featured_media":174349,"comment_status":"closed","ping_status":"closed","sticky":false,"template":"","format":"standard","meta":{"footnotes":""},"categories":[5],"tags":[],"class_list":{"0":"post-174348","1":"post","2":"type-post","3":"status-publish","4":"format-standard","5":"has-post-thumbnail","7":"category-lajme"},"_links":{"self":[{"href":"https:\/\/radiostargjilan.com\/web\/wp-json\/wp\/v2\/posts\/174348","targetHints":{"allow":["GET"]}}],"collection":[{"href":"https:\/\/radiostargjilan.com\/web\/wp-json\/wp\/v2\/posts"}],"about":[{"href":"https:\/\/radiostargjilan.com\/web\/wp-json\/wp\/v2\/types\/post"}],"author":[{"embeddable":true,"href":"https:\/\/radiostargjilan.com\/web\/wp-json\/wp\/v2\/users\/1"}],"replies":[{"embeddable":true,"href":"https:\/\/radiostargjilan.com\/web\/wp-json\/wp\/v2\/comments?post=174348"}],"version-history":[{"count":0,"href":"https:\/\/radiostargjilan.com\/web\/wp-json\/wp\/v2\/posts\/174348\/revisions"}],"wp:featuredmedia":[{"embeddable":true,"href":"https:\/\/radiostargjilan.com\/web\/wp-json\/wp\/v2\/media\/174349"}],"wp:attachment":[{"href":"https:\/\/radiostargjilan.com\/web\/wp-json\/wp\/v2\/media?parent=174348"}],"wp:term":[{"taxonomy":"category","embeddable":true,"href":"https:\/\/radiostargjilan.com\/web\/wp-json\/wp\/v2\/categories?post=174348"},{"taxonomy":"post_tag","embeddable":true,"href":"https:\/\/radiostargjilan.com\/web\/wp-json\/wp\/v2\/tags?post=174348"}],"curies":[{"name":"wp","href":"https:\/\/api.w.org\/{rel}","templated":true}]}}