{"id":174683,"date":"2024-06-27T19:58:14","date_gmt":"2024-06-27T17:58:14","guid":{"rendered":"https:\/\/radiostargjilan.com\/web\/?p=174683"},"modified":"2024-06-27T19:58:14","modified_gmt":"2024-06-27T17:58:14","slug":"3-lights-qendra-me-e-madhe-e-ndricimit-ne-rajonin-e-gjilanit","status":"publish","type":"post","link":"https:\/\/radiostargjilan.com\/web\/3-lights-qendra-me-e-madhe-e-ndricimit-ne-rajonin-e-gjilanit\/","title":{"rendered":"\u20183 lights\u2019 qendra m\u00eb e madhe e ndri\u00e7imit n\u00eb rajonin e Gjilanit"},"content":{"rendered":"<p>Muaj m\u00eb par\u00eb n\u00eb qytetin e bukur t\u00eb Gjilanit \u00ebsht\u00eb hapur qendra m\u00eb e madhe e ndri\u00e7imit n\u00eb Gjilan \u20183 lights\u2018, ku mund ta p\u00ebrjetoni magjin\u00eb e dizajneve t\u00eb shk\u00eblqyera, teknologjis\u00eb s\u00eb fundit dhe nj\u00eb s\u00ebr\u00eb zgjidhjesh verbuese t\u00eb ndri\u00e7imit q\u00eb do t\u00eb transformojn\u00eb \u00e7do hap\u00ebsir\u00eb n\u00eb nj\u00eb kryevep\u00ebr.<\/p>\n<p>3 lights \u00ebsht\u00eb i pajisur me dritat m\u00eb t\u00eb mira dhe m\u00eb t\u00eb p\u00ebrshtatshme p\u00ebr \u00e7do hap\u00ebsir\u00eb. N\u00eb k\u00ebt\u00eb dyqan mund t\u00eb gjeni koleksion t\u00eb pasur t\u00eb dritave t\u00eb brendshme dhe t\u00eb jashtme, t\u00eb projektuara me stil dhe inovacion. T\u00eb gjitha produktet jan\u00eb t\u00eb njohura p\u00ebr dizajnin bashk\u00ebkohor, funksionalitetit e mir\u00eb duke paraqitur nj\u00eb kombinim t\u00eb materialeve inovative dhe estetik\u00ebs s\u00eb sofistikuar.<\/p>\n<p>P\u00ebrve\u00e7 avantazheve tjera instalimi i k\u00ebtyre llojeve t\u00eb ndri\u00e7uesve \u00ebsht\u00eb shum\u00eb i thjesht dhe i shpejt, duke ju mund\u00ebsuar q\u00eb dritat t\u2019i l\u00ebshoni n\u00eb p\u00ebrdorim p\u00ebr pak minuta.<\/p>\n<p><iframe loading=\"lazy\" src=\"https:\/\/www.facebook.com\/plugins\/video.php?height=314&#038;href=https%3A%2F%2Fwww.facebook.com%2F61553958072629%2Fvideos%2F1104600680582481%2F&#038;show_text=false&#038;width=560&#038;t=0\" width=\"560\" height=\"314\" style=\"border:none;overflow:hidden\" scrolling=\"no\" frameborder=\"0\" allowfullscreen=\"true\" allow=\"autoplay; clipboard-write; encrypted-media; picture-in-picture; web-share\" allowFullScreen=\"true\"><\/iframe><\/p>\n","protected":false},"excerpt":{"rendered":"<p>Muaj m\u00eb par\u00eb n\u00eb qytetin e bukur t\u00eb Gjilanit \u00ebsht\u00eb hapur qendra m\u00eb e madhe e ndri\u00e7imit n\u00eb Gjilan \u20183 lights\u2018, ku mund ta p\u00ebrjetoni magjin\u00eb e dizajneve t\u00eb shk\u00eblqyera, teknologjis\u00eb s\u00eb fundit dhe nj\u00eb s\u00ebr\u00eb zgjidhjesh verbuese t\u00eb ndri\u00e7imit q\u00eb do t\u00eb transformojn\u00eb \u00e7do hap\u00ebsir\u00eb n\u00eb nj\u00eb kryevep\u00ebr. 3 lights \u00ebsht\u00eb i pajisur me [&hellip;]<\/p>\n","protected":false},"author":1,"featured_media":174684,"comment_status":"closed","ping_status":"closed","sticky":false,"template":"","format":"standard","meta":{"footnotes":""},"categories":[4],"tags":[],"class_list":{"0":"post-174683","1":"post","2":"type-post","3":"status-publish","4":"format-standard","5":"has-post-thumbnail","7":"category-marketing"},"_links":{"self":[{"href":"https:\/\/radiostargjilan.com\/web\/wp-json\/wp\/v2\/posts\/174683","targetHints":{"allow":["GET"]}}],"collection":[{"href":"https:\/\/radiostargjilan.com\/web\/wp-json\/wp\/v2\/posts"}],"about":[{"href":"https:\/\/radiostargjilan.com\/web\/wp-json\/wp\/v2\/types\/post"}],"author":[{"embeddable":true,"href":"https:\/\/radiostargjilan.com\/web\/wp-json\/wp\/v2\/users\/1"}],"replies":[{"embeddable":true,"href":"https:\/\/radiostargjilan.com\/web\/wp-json\/wp\/v2\/comments?post=174683"}],"version-history":[{"count":0,"href":"https:\/\/radiostargjilan.com\/web\/wp-json\/wp\/v2\/posts\/174683\/revisions"}],"wp:featuredmedia":[{"embeddable":true,"href":"https:\/\/radiostargjilan.com\/web\/wp-json\/wp\/v2\/media\/174684"}],"wp:attachment":[{"href":"https:\/\/radiostargjilan.com\/web\/wp-json\/wp\/v2\/media?parent=174683"}],"wp:term":[{"taxonomy":"category","embeddable":true,"href":"https:\/\/radiostargjilan.com\/web\/wp-json\/wp\/v2\/categories?post=174683"},{"taxonomy":"post_tag","embeddable":true,"href":"https:\/\/radiostargjilan.com\/web\/wp-json\/wp\/v2\/tags?post=174683"}],"curies":[{"name":"wp","href":"https:\/\/api.w.org\/{rel}","templated":true}]}}