{"id":174793,"date":"2024-06-29T17:08:14","date_gmt":"2024-06-29T15:08:14","guid":{"rendered":"https:\/\/radiostargjilan.com\/web\/?p=174793"},"modified":"2024-06-29T17:08:14","modified_gmt":"2024-06-29T15:08:14","slug":"ldk-ekzekutivit-te-gjilanit-po-i-pengon-qe-kuvendi-komunal-eshte-shpallur-si-me-aktivi-e-produktivi-ne-kosove-po-deshiron-ta-ngulfase-kritiken","status":"publish","type":"post","link":"https:\/\/radiostargjilan.com\/web\/ldk-ekzekutivit-te-gjilanit-po-i-pengon-qe-kuvendi-komunal-eshte-shpallur-si-me-aktivi-e-produktivi-ne-kosove-po-deshiron-ta-ngulfase-kritiken\/","title":{"rendered":"LDK: Ekzekutivit t\u00eb Gjilanit po i pengon q\u00eb Kuvendi Komunal \u00ebsht\u00eb shpallur si m\u00eb aktivi e produktivi n\u00eb Kosov\u00eb, po d\u00ebshiron ta ngulfas\u00eb kritik\u00ebn"},"content":{"rendered":"<p>Ekzekutivi i Gjilanit e ka degraduar Komun\u00ebn n\u00eb at\u00eb shkall\u00eb sa q\u00eb n\u00eb matjet e fundit, Instituti Demokratik t\u00eb Kosov\u00ebs (KDI) e ka ranguar komun\u00ebn si m\u00eb jotransparenten n\u00eb Kosov\u00eb. <\/p>\n<p>Nd\u00ebrsa, n\u00eb vler\u00ebsimet e Ministris\u00eb s\u00eb Administrimit t\u00eb Pushtetit Lokal, Komuna e Gjilanit rangohet po ashtu n\u00eb fund t\u00eb pusit me performanc\u00eb, madje m\u00eb posht\u00eb se Ranillugu e Parteshi.<\/p>\n<p>Ekzekutivi i Gjilanit po d\u00ebshiron ta d\u00ebshtoj\u00eb edhe Kuvendin Komunal, pasi asambleist\u00ebt e LDK-s\u00eb u shpall\u00ebn si m\u00eb aktiv\u00eb e produktiv\u00eb n\u00eb nivel t\u00eb Republik\u00ebs. K\u00ebt\u00eb sukses duket se  nuk do ta falin dhe pushteti po mundohet n\u00eb \u00e7do form\u00eb q\u00eb t\u00eb mos e lejoj\u00eb transmetimin medial, duke tentuar ta ngulfas\u00eb kritik\u00ebn dhe fjal\u00ebn e k\u00ebshilltar\u00ebve t\u00eb zgjedhur. <\/p>\n<p>Dega e Lidhjes Demokratike t\u00eb Kosov\u00ebs ndjen keqardhje me k\u00ebt\u00eb mosp\u00ebrfillje q\u00eb u b\u00ebhet asambleist\u00ebve t\u00eb zgjedhur nga populli me vot\u00eb demokratike. Ekzekutivi i Gjilanit e ka p\u00ebr obligim q\u00eb ta siguroj\u00eb transmetimin medial i cili ka qen\u00eb praktik\u00eb 20-vje\u00e7are dhe model p\u00ebr Kosov\u00ebn. <\/p>\n<p>LDK, si partia m\u00eb e madhe n\u00eb Gjilan, do t\u00eb vazhdoj\u00eb t\u00eb jet\u00eb bashk\u00ebpunuese p\u00ebr interesat e qytetareve me t\u00eb gjitha grupet politike, por nuk do t\u00eb ket\u00eb asnj\u00eb kompromis pa u siguruar q\u00eb z\u00ebri i asambleist\u00ebve t\u00eb p\u00ebr\u00e7ohet p\u00ebrmes mediave si\u00e7 ka qen\u00eb gjithmon\u00eb.<\/p>\n","protected":false},"excerpt":{"rendered":"<p>Ekzekutivi i Gjilanit e ka degraduar Komun\u00ebn n\u00eb at\u00eb shkall\u00eb sa q\u00eb n\u00eb matjet e fundit, Instituti Demokratik t\u00eb Kosov\u00ebs (KDI) e ka ranguar komun\u00ebn si m\u00eb jotransparenten n\u00eb Kosov\u00eb. Nd\u00ebrsa, n\u00eb vler\u00ebsimet e Ministris\u00eb s\u00eb Administrimit t\u00eb Pushtetit Lokal, Komuna e Gjilanit rangohet po ashtu n\u00eb fund t\u00eb pusit me performanc\u00eb, madje m\u00eb posht\u00eb [&hellip;]<\/p>\n","protected":false},"author":1,"featured_media":174794,"comment_status":"closed","ping_status":"closed","sticky":false,"template":"","format":"standard","meta":{"footnotes":""},"categories":[5],"tags":[],"class_list":{"0":"post-174793","1":"post","2":"type-post","3":"status-publish","4":"format-standard","5":"has-post-thumbnail","7":"category-lajme"},"_links":{"self":[{"href":"https:\/\/radiostargjilan.com\/web\/wp-json\/wp\/v2\/posts\/174793","targetHints":{"allow":["GET"]}}],"collection":[{"href":"https:\/\/radiostargjilan.com\/web\/wp-json\/wp\/v2\/posts"}],"about":[{"href":"https:\/\/radiostargjilan.com\/web\/wp-json\/wp\/v2\/types\/post"}],"author":[{"embeddable":true,"href":"https:\/\/radiostargjilan.com\/web\/wp-json\/wp\/v2\/users\/1"}],"replies":[{"embeddable":true,"href":"https:\/\/radiostargjilan.com\/web\/wp-json\/wp\/v2\/comments?post=174793"}],"version-history":[{"count":0,"href":"https:\/\/radiostargjilan.com\/web\/wp-json\/wp\/v2\/posts\/174793\/revisions"}],"wp:featuredmedia":[{"embeddable":true,"href":"https:\/\/radiostargjilan.com\/web\/wp-json\/wp\/v2\/media\/174794"}],"wp:attachment":[{"href":"https:\/\/radiostargjilan.com\/web\/wp-json\/wp\/v2\/media?parent=174793"}],"wp:term":[{"taxonomy":"category","embeddable":true,"href":"https:\/\/radiostargjilan.com\/web\/wp-json\/wp\/v2\/categories?post=174793"},{"taxonomy":"post_tag","embeddable":true,"href":"https:\/\/radiostargjilan.com\/web\/wp-json\/wp\/v2\/tags?post=174793"}],"curies":[{"name":"wp","href":"https:\/\/api.w.org\/{rel}","templated":true}]}}