{"id":174805,"date":"2024-06-29T21:15:33","date_gmt":"2024-06-29T19:15:33","guid":{"rendered":"https:\/\/radiostargjilan.com\/web\/?p=174805"},"modified":"2024-06-29T21:15:33","modified_gmt":"2024-06-29T19:15:33","slug":"donald-trump-me-tone-triumfuese-pas-debatit-presidencial-me-joe-biden","status":"publish","type":"post","link":"https:\/\/radiostargjilan.com\/web\/donald-trump-me-tone-triumfuese-pas-debatit-presidencial-me-joe-biden\/","title":{"rendered":"Donald Trump me tone triumfuese pas debatit presidencial me Joe Biden"},"content":{"rendered":"<p>Ish Presidenti Donald Trump mbajti t\u00eb premten nj\u00eb fjalim me tone triumfuese, pas debatit t\u00eb par\u00eb me Presidentin Joe Biden, e cila u cil\u00ebsua si nj\u00eb paraqitje e dob\u00ebt.<\/p>\n<p>Duke iu drejtuar mij\u00ebra p\u00ebrkrah\u00ebsve t\u00eb tij n\u00eb nj\u00eb tubim elektoral n\u00eb Chesapeake n\u00eb shtetin e Virxhinias, Trump tha se demokrat\u00ebt nuk kan\u00eb ndonj\u00eb mund\u00ebsi zgjedhjeje m\u00eb t\u00eb mir\u00eb. \u201cPyetja q\u00eb duhet t\u2019i b\u00ebj\u00eb vetes \u00e7do votues nuk \u00ebsht\u00eb n\u00ebse Joe Biden mund t\u2019i mbijetoj\u00eb nj\u00eb debati prej 90 minutash, por n\u00ebse Amerika mund t\u00eb mbijetoj\u00eb n\u00ebse n\u00eb krye t\u00eb saj q\u00ebndron Joe Biden-i edhe p\u00ebr 4 vjet t\u00eb tjera\u201d, tha Trump.<\/p>\n<p>Deklaratat e ish presidentit erdh\u00ebn nj\u00eb dit\u00eb pasi paraqitja zhg\u00ebnjyese e  Biden n\u00eb debat ka nxitur shqet\u00ebsim mes votuesve dhe aleat\u00ebve t\u00eb tij q\u00eb po shpresonin q\u00eb  Biden t\u00eb ishte m\u00eb energjik dhe t\u00eb rriste shanset e tij p\u00ebr t\u2019u rizgjedhur.<\/p>\n<p>Trump tha se nuk besonte se Biden do t\u00eb largohej nga gara, duke p\u00ebrmendur k\u00ebrkes\u00ebn e disa demokrat\u00ebve dhe disa analist\u00ebv\u00eb q\u00eb Presidenti Biden t\u00eb t\u00ebrhiqet. Ai kritikoi demokrat\u00eb t\u00eb profilit t\u00eb lart\u00eb si guvernatori i Kalifornis\u00eb Gavin Newsom, z\u00ebvend\u00ebspresidenten Kamala Harris dhe ish zonj\u00ebn e par\u00eb Michelle Obama.<\/p>\n<p>Ai tha se do t\u00eb ishte shum\u00eb i lumtur n\u00ebse do t\u00eb vihej p\u00ebrball\u00eb zonj\u00ebs Harris, e cila po garon krah zotit Biden n\u00eb k\u00ebt\u00eb fushat\u00eb presidenciale.\/VOA<\/p>\n","protected":false},"excerpt":{"rendered":"<p>Ish Presidenti Donald Trump mbajti t\u00eb premten nj\u00eb fjalim me tone triumfuese, pas debatit t\u00eb par\u00eb me Presidentin Joe Biden, e cila u cil\u00ebsua si nj\u00eb paraqitje e dob\u00ebt. Duke iu drejtuar mij\u00ebra p\u00ebrkrah\u00ebsve t\u00eb tij n\u00eb nj\u00eb tubim elektoral n\u00eb Chesapeake n\u00eb shtetin e Virxhinias, Trump tha se demokrat\u00ebt nuk kan\u00eb ndonj\u00eb mund\u00ebsi zgjedhjeje [&hellip;]<\/p>\n","protected":false},"author":1,"featured_media":174806,"comment_status":"closed","ping_status":"closed","sticky":false,"template":"","format":"standard","meta":{"footnotes":""},"categories":[5],"tags":[],"class_list":{"0":"post-174805","1":"post","2":"type-post","3":"status-publish","4":"format-standard","5":"has-post-thumbnail","7":"category-lajme"},"_links":{"self":[{"href":"https:\/\/radiostargjilan.com\/web\/wp-json\/wp\/v2\/posts\/174805","targetHints":{"allow":["GET"]}}],"collection":[{"href":"https:\/\/radiostargjilan.com\/web\/wp-json\/wp\/v2\/posts"}],"about":[{"href":"https:\/\/radiostargjilan.com\/web\/wp-json\/wp\/v2\/types\/post"}],"author":[{"embeddable":true,"href":"https:\/\/radiostargjilan.com\/web\/wp-json\/wp\/v2\/users\/1"}],"replies":[{"embeddable":true,"href":"https:\/\/radiostargjilan.com\/web\/wp-json\/wp\/v2\/comments?post=174805"}],"version-history":[{"count":0,"href":"https:\/\/radiostargjilan.com\/web\/wp-json\/wp\/v2\/posts\/174805\/revisions"}],"wp:featuredmedia":[{"embeddable":true,"href":"https:\/\/radiostargjilan.com\/web\/wp-json\/wp\/v2\/media\/174806"}],"wp:attachment":[{"href":"https:\/\/radiostargjilan.com\/web\/wp-json\/wp\/v2\/media?parent=174805"}],"wp:term":[{"taxonomy":"category","embeddable":true,"href":"https:\/\/radiostargjilan.com\/web\/wp-json\/wp\/v2\/categories?post=174805"},{"taxonomy":"post_tag","embeddable":true,"href":"https:\/\/radiostargjilan.com\/web\/wp-json\/wp\/v2\/tags?post=174805"}],"curies":[{"name":"wp","href":"https:\/\/api.w.org\/{rel}","templated":true}]}}