{"id":174870,"date":"2024-06-30T20:22:53","date_gmt":"2024-06-30T18:22:53","guid":{"rendered":"https:\/\/radiostargjilan.com\/web\/?p=174870"},"modified":"2024-06-30T20:22:53","modified_gmt":"2024-06-30T18:22:53","slug":"ali-ahmeti-nuk-jemi-te-lidhur-per-pushtetin-per-ne-me-rendesi-eshte-legjitimiteti","status":"publish","type":"post","link":"https:\/\/radiostargjilan.com\/web\/ali-ahmeti-nuk-jemi-te-lidhur-per-pushtetin-per-ne-me-rendesi-eshte-legjitimiteti\/","title":{"rendered":"Ali Ahmeti: Nuk jemi t\u00eb lidhur p\u00ebr pushtetin, p\u00ebr ne me r\u00ebnd\u00ebsi \u00ebsht\u00eb legjitimiteti"},"content":{"rendered":"<p>Kryetari i BDI -s\u00eb Ali Ahmeti edhe nj\u00ebher\u00eb porositi q\u00eb ata jan\u00eb fitues t\u00eb zgjedhjeve dhe kan\u00eb legjitimitet. Ai thot\u00eb se p\u00ebr ta nuk \u00ebsht\u00eb me r\u00ebnd\u00ebsi pushteti, por me r\u00ebnd\u00ebsi jan\u00eb proceset e zgjidhjes s\u00eb probemeve dhe ndryshimi i Kushtetut\u00ebs.<\/p>\n<p>\u201cNe pa dashur q\u00eb t\u00eb b\u00ebj\u00eb arsyetime, nuk jemi t\u00eb lidhur p\u00ebr pushtetin, p\u00ebr ne me r\u00ebnd\u00ebsi \u00ebsht\u00eb legjitimiteti sepse n\u00eb nj\u00eb moment kur VMRO-DPMNE k\u00ebrkoi q\u00eb t\u00eb b\u00ebhet pjes\u00eb e procesit p\u00ebr zgjedhje t\u00eb problemeve dhe ndryshim t\u00eb Kushtetut\u00ebs kusht\u00ebzoi shumic\u00ebn e at\u00ebhershme parlamentare q\u00eb BDI t\u00eb braktis ekzekutivin. Akoma pa u mbyllur konferenca p\u00ebr media z.Hristijan MIckoskit p\u00ebrgjigja ishte flak\u00eb p\u00ebr flak\u00eb, aty p\u00ebr aty, n\u00eb momentin q\u00eb ju votoni ndryshimin e Kushtetut\u00ebs ne paraqesim dor\u00ebheqje kolektive. Me r\u00ebnd\u00ebsi p\u00ebr ne \u00ebsht\u00eb ndryshimi i Kushtut\u00ebs\u201d, ka th\u00ebn\u00eb Ahmeti.<\/p>\n","protected":false},"excerpt":{"rendered":"<p>Kryetari i BDI -s\u00eb Ali Ahmeti edhe nj\u00ebher\u00eb porositi q\u00eb ata jan\u00eb fitues t\u00eb zgjedhjeve dhe kan\u00eb legjitimitet. Ai thot\u00eb se p\u00ebr ta nuk \u00ebsht\u00eb me r\u00ebnd\u00ebsi pushteti, por me r\u00ebnd\u00ebsi jan\u00eb proceset e zgjidhjes s\u00eb probemeve dhe ndryshimi i Kushtetut\u00ebs. \u201cNe pa dashur q\u00eb t\u00eb b\u00ebj\u00eb arsyetime, nuk jemi t\u00eb lidhur p\u00ebr pushtetin, p\u00ebr [&hellip;]<\/p>\n","protected":false},"author":1,"featured_media":174871,"comment_status":"closed","ping_status":"closed","sticky":false,"template":"","format":"standard","meta":{"footnotes":""},"categories":[5],"tags":[],"class_list":{"0":"post-174870","1":"post","2":"type-post","3":"status-publish","4":"format-standard","5":"has-post-thumbnail","7":"category-lajme"},"_links":{"self":[{"href":"https:\/\/radiostargjilan.com\/web\/wp-json\/wp\/v2\/posts\/174870","targetHints":{"allow":["GET"]}}],"collection":[{"href":"https:\/\/radiostargjilan.com\/web\/wp-json\/wp\/v2\/posts"}],"about":[{"href":"https:\/\/radiostargjilan.com\/web\/wp-json\/wp\/v2\/types\/post"}],"author":[{"embeddable":true,"href":"https:\/\/radiostargjilan.com\/web\/wp-json\/wp\/v2\/users\/1"}],"replies":[{"embeddable":true,"href":"https:\/\/radiostargjilan.com\/web\/wp-json\/wp\/v2\/comments?post=174870"}],"version-history":[{"count":0,"href":"https:\/\/radiostargjilan.com\/web\/wp-json\/wp\/v2\/posts\/174870\/revisions"}],"wp:featuredmedia":[{"embeddable":true,"href":"https:\/\/radiostargjilan.com\/web\/wp-json\/wp\/v2\/media\/174871"}],"wp:attachment":[{"href":"https:\/\/radiostargjilan.com\/web\/wp-json\/wp\/v2\/media?parent=174870"}],"wp:term":[{"taxonomy":"category","embeddable":true,"href":"https:\/\/radiostargjilan.com\/web\/wp-json\/wp\/v2\/categories?post=174870"},{"taxonomy":"post_tag","embeddable":true,"href":"https:\/\/radiostargjilan.com\/web\/wp-json\/wp\/v2\/tags?post=174870"}],"curies":[{"name":"wp","href":"https:\/\/api.w.org\/{rel}","templated":true}]}}