{"id":174945,"date":"2024-07-01T15:12:07","date_gmt":"2024-07-01T13:12:07","guid":{"rendered":"https:\/\/radiostargjilan.com\/web\/?p=174945"},"modified":"2024-07-01T15:12:07","modified_gmt":"2024-07-01T13:12:07","slug":"e-djathta-ekstreme-e-le-penit-shenon-fitore-bindese-ne-france-partia-e-macronit-as-e-dyta","status":"publish","type":"post","link":"https:\/\/radiostargjilan.com\/web\/e-djathta-ekstreme-e-le-penit-shenon-fitore-bindese-ne-france-partia-e-macronit-as-e-dyta\/","title":{"rendered":"E djathta ekstreme e Le Penit sh\u00ebnon fitore bind\u00ebse n\u00eb Franc\u00eb, partia e Macronit as e dyta"},"content":{"rendered":"<p>Partia franceze e s\u00eb djatht\u00ebs ekstreme, Tubimi Komb\u00ebtar, dhe aleat\u00ebt e saj kan\u00eb fituar 33 p\u00ebr qind t\u00eb votave n\u00eb rundin e par\u00eb t\u00eb zgjedhjeve parlamentare t\u00eb Franc\u00ebs, ka th\u00ebn\u00eb Ministra e Pun\u00ebve t\u00eb Brendshme.<\/p>\n<p>Aleanca majtiste, Fronti i Ri Popullor, doli e dyta me 28 p\u00ebr qind, nd\u00ebrsa koalicioni \u201cS\u00eb Bashku\u201d i presidentit Emmanuel Macron fitoi 20 p\u00ebr qind, sipas k\u00ebsaj ministrie, raporton gazeta \u201cThe Guardian\u201d.<\/p>\n<p>Kjo \u00ebsht\u00eb hera e par\u00eb q\u00eb Tubimi Komb\u00ebtar ka fituar m\u00eb shum\u00eb se 20 p\u00ebr qind t\u00eb votave n\u00eb zgjedhje parlamentare dhe e v\u00eb partin\u00eb brenda mund\u00ebsive p\u00ebr ta formuar qeverin\u00eb e par\u00eb t\u00eb s\u00eb djatht\u00ebs ekstreme.<\/p>\n<p>Megjithat\u00eb, rezultatet p\u00ebrfundimtare dhe p\u00ebrb\u00ebrja e sakt\u00eb e Kuvendit me 577 ul\u00ebse nuk jan\u00eb ende t\u00eb qarta dhe gjasat q\u00eb Tubimi Komb\u00ebtar ta fitoj\u00eb pushtetin do t\u00eb varen nga marr\u00ebveshjet politike t\u00eb rival\u00ebve t\u00eb tij gjat\u00eb dit\u00ebve t\u00eb ardhshme, para rundit t\u00eb dyt\u00eb t\u00eb s\u00eb diel\u00ebs.<\/p>\n<p>N\u00eb t\u00eb kaluar\u00ebn, partit\u00eb tradicionale djathtiste dhe majtiste kan\u00eb arritur marr\u00ebveshje p\u00ebr t\u00eb t\u00ebrhequr kandidat\u00eb nga balotazhi q\u00eb ta shmangnin ndarjen e votave kund\u00ebr Tubimit Komb\u00ebtar. Megjithat\u00eb, strategjia taktike e votimit, e njohur si \u201cfronti republikan\u201d, p\u00ebr ta bllokuar partin\u00eb e Le Penit \u00ebsht\u00eb m\u00eb e paqart\u00eb se kurr\u00eb m\u00eb par\u00eb.<\/p>\n<p>Udh\u00ebheq\u00ebsi i Frontit t\u00eb Ri Popullor, Jean-Luc Melenchon, tha se grupi i tij do t\u2019i t\u00ebrhiqte t\u00eb gjith\u00eb kandidat\u00ebt q\u00eb kan\u00eb dal\u00eb n\u00eb vende t\u00eb treta n\u00eb rundin e par\u00eb, duke th\u00ebn\u00eb: \u201cDirektiva jon\u00eb \u00ebsht\u00eb e thjesht\u00eb: as nj\u00eb vot\u00eb t\u00eb vetme p\u00ebr Tubimin Komb\u00ebtar.\u201d<\/p>\n<p>P\u00ebrmes nj\u00eb deklarate me shkrim, Macroni u b\u00ebri thirrje votuesve q\u00eb t\u00eb rreshtohen me kandidat\u00ebt q\u00eb jan\u00eb \u201cqartazi republikan\u00eb dhe demokrat\u00eb.\/Nacionale\/<\/p>\n","protected":false},"excerpt":{"rendered":"<p>Partia franceze e s\u00eb djatht\u00ebs ekstreme, Tubimi Komb\u00ebtar, dhe aleat\u00ebt e saj kan\u00eb fituar 33 p\u00ebr qind t\u00eb votave n\u00eb rundin e par\u00eb t\u00eb zgjedhjeve parlamentare t\u00eb Franc\u00ebs, ka th\u00ebn\u00eb Ministra e Pun\u00ebve t\u00eb Brendshme. Aleanca majtiste, Fronti i Ri Popullor, doli e dyta me 28 p\u00ebr qind, nd\u00ebrsa koalicioni \u201cS\u00eb Bashku\u201d i presidentit Emmanuel [&hellip;]<\/p>\n","protected":false},"author":1,"featured_media":174946,"comment_status":"closed","ping_status":"closed","sticky":false,"template":"","format":"standard","meta":{"footnotes":""},"categories":[5],"tags":[],"class_list":{"0":"post-174945","1":"post","2":"type-post","3":"status-publish","4":"format-standard","5":"has-post-thumbnail","7":"category-lajme"},"_links":{"self":[{"href":"https:\/\/radiostargjilan.com\/web\/wp-json\/wp\/v2\/posts\/174945","targetHints":{"allow":["GET"]}}],"collection":[{"href":"https:\/\/radiostargjilan.com\/web\/wp-json\/wp\/v2\/posts"}],"about":[{"href":"https:\/\/radiostargjilan.com\/web\/wp-json\/wp\/v2\/types\/post"}],"author":[{"embeddable":true,"href":"https:\/\/radiostargjilan.com\/web\/wp-json\/wp\/v2\/users\/1"}],"replies":[{"embeddable":true,"href":"https:\/\/radiostargjilan.com\/web\/wp-json\/wp\/v2\/comments?post=174945"}],"version-history":[{"count":0,"href":"https:\/\/radiostargjilan.com\/web\/wp-json\/wp\/v2\/posts\/174945\/revisions"}],"wp:featuredmedia":[{"embeddable":true,"href":"https:\/\/radiostargjilan.com\/web\/wp-json\/wp\/v2\/media\/174946"}],"wp:attachment":[{"href":"https:\/\/radiostargjilan.com\/web\/wp-json\/wp\/v2\/media?parent=174945"}],"wp:term":[{"taxonomy":"category","embeddable":true,"href":"https:\/\/radiostargjilan.com\/web\/wp-json\/wp\/v2\/categories?post=174945"},{"taxonomy":"post_tag","embeddable":true,"href":"https:\/\/radiostargjilan.com\/web\/wp-json\/wp\/v2\/tags?post=174945"}],"curies":[{"name":"wp","href":"https:\/\/api.w.org\/{rel}","templated":true}]}}