{"id":175225,"date":"2024-07-06T08:48:37","date_gmt":"2024-07-06T06:48:37","guid":{"rendered":"https:\/\/radiostargjilan.com\/web\/?p=175225"},"modified":"2024-07-06T08:48:37","modified_gmt":"2024-07-06T06:48:37","slug":"be-ja-thote-se-eshte-propozuar-qe-lajcakut-ti-vazhdohet-mandati-edhe-per-pese-muaj-te-tjere","status":"publish","type":"post","link":"https:\/\/radiostargjilan.com\/web\/be-ja-thote-se-eshte-propozuar-qe-lajcakut-ti-vazhdohet-mandati-edhe-per-pese-muaj-te-tjere\/","title":{"rendered":"BE-ja thot\u00eb se \u00ebsht\u00eb propozuar q\u00eb Laj\u00e7akut t\u2019i vazhdohet mandati edhe p\u00ebr pes\u00eb muaj t\u00eb tjer\u00eb"},"content":{"rendered":"<p>Bashkimi Evropian ka b\u00ebr\u00eb t\u00eb ditur q\u00eb emisarit t\u00eb BE-s\u00eb p\u00ebr dialogun Kosov\u00eb-Serbi, Miroslav Laj\u00e7ak \u00ebsht\u00eb propozuar q\u00eb t\u2019i zgjatet mandati edhe p\u00ebr pes\u00eb muaj t\u00eb tjer\u00eb.<\/p>\n<p>Z\u00ebdh\u00ebn\u00ebsja e BE-s\u00eb, Nabila Massrali n\u00eb konferenc\u00ebn p\u00ebr media, ka b\u00ebr\u00eb t\u00eb ditur se propozimi \u00ebsht\u00eb q\u00eb Laj\u00e7ak t\u00eb q\u00ebndroj\u00eb n\u00eb pozit\u00ebn e emisarit deri m\u00eb 31 janar 2025 dhe vendimi pritet t\u00eb merret nga K\u00ebshilli i BE-s\u00eb, transmeton gazeta online Reporteri.net.<\/p>\n<p>Vet\u00eb Miroslav Laj\u00e7ak konfirmoi muajin e kaluar se nuk \u00ebsht\u00eb af\u00ebr fundit t\u00eb mandatit t\u00eb tij si i ngarkuar p\u00ebr t\u2019u marr\u00eb me dialogun nd\u00ebrmjet Kosov\u00ebs dhe Serbis\u00eb dhe se puna e tij vazhdon.<\/p>\n<p>\u201cPuna ime vazhdon\u201d dhe \u201cnuk do t\u00eb shkoj askund\u201d, i tha ai i pyetur p\u00ebr pun\u00ebn n\u00eb kuad\u00ebr t\u00eb dialogut.<\/p>\n<p>\u201cNdoshta nuk jam aq af\u00ebr fundit t\u00eb mandatit tim sa mendohej fillimisht. Pra, ajo q\u00eb mund t\u00eb them \u00ebsht\u00eb se puna ime vazhdon. Un\u00eb nuk do t\u00eb shkoj askund s\u00eb shpejti. Nuk jam ende n\u00eb disponim p\u00ebr t\u2019i dh\u00ebn\u00eb k\u00ebshilla pasuesit tim\u201d, tha Laj\u00e7ak.<\/p>\n<p>N\u00eb prill, kreu i diplomacis\u00eb evropiane, Josep Borell, em\u00ebroi Laj\u00e7akun si ambasador t\u00eb ri t\u00eb BE-s\u00eb n\u00eb Zvic\u00ebr, dhe pritet ta marr\u00eb detyr\u00ebn m\u00eb 1 shtator t\u00eb k\u00ebtij viti.<\/p>\n<p>N\u00eb mesin e kandidat\u00ebve q\u00eb jan\u00eb p\u00ebrmendur deri tash si pasardh\u00ebs t\u00eb mundsh\u00ebm t\u00eb tij \u00ebsht\u00eb ish-presidenti i Sllovenis\u00eb, Borut Pahor. Vet\u00eb ai dhe Ministria e Jashtme e Sllovenis\u00eb kan\u00eb konfirmuar se ka interes p\u00ebr k\u00ebt\u00eb post.<\/p>\n<p>N\u00ebn Laj\u00e7akun si emisar, n\u00eb vitin 2023, \u00ebsht\u00eb arritur edhe Marr\u00ebveshja drejt normalizimit t\u00eb marr\u00ebdh\u00ebnieve, e cila u b\u00eb e njohur si Marr\u00ebveshja e Ohrit, por q\u00eb ka mbetur kryesisht e pazbatuar.<\/p>\n<p>Me gjith\u00eb trysnin\u00eb per\u00ebndimore, marr\u00ebveshja e arritur vitin e kaluar n\u00eb Bruksel dhe Oh\u00ebr ende nuk ka nisur t\u00eb zbatohet, ndon\u00ebse Bashkimi Evropian ka theksuar disa her\u00eb se ajo \u00ebsht\u00eb ligj\u00ebrisht e detyrueshme p\u00ebr pal\u00ebt dhe nga zbatimi i saj varet p\u00ebrparimi drejt integrimeve evropiane.<\/p>\n<p>N\u00eb takimin e fundit t\u00eb nivelit t\u00eb lart\u00eb q\u00eb u mbajt m\u00eb 26 qershor n\u00eb Bruksel, kryeministri i Kosov\u00ebs, Albin Kurti refuzoi ta takoj\u00eb presidentin serb, Vu\u00e7iq. Ai paraqiti tri kushte p\u00ebr angazhimin e m\u00ebtejm\u00eb n\u00eb procesin e normalizimit t\u00eb raporteve me Serbin\u00eb.<\/p>\n<p>Kurti tha se pa dor\u00ebzimin e Milan Rado\u00e7iqit dhe grupit paramilitar serb q\u00eb kryen sulmin terrorist n\u00eb Banjsk\u00eb t\u00eb Zve\u00e7anit, m\u00eb 24 shtator t\u00eb vitit t\u00eb kaluar, nuk mund t\u00eb ket\u00eb mir\u00ebbesim n\u00eb dialogun me Serbin\u00eb.<\/p>\n<p>Shefi i ekzekutivit kosovar, nuk pranoi t\u00eb takohej me presidentin serb, Aleksandar Vu\u00e7iq pa u b\u00ebr\u00eb formalizimi i Marr\u00ebveshjes Baz\u00eb p\u00ebrmes n\u00ebnshkrimit nga krer\u00ebt respektiv\u00eb t\u00eb shteteve; t\u00ebrheqja e letr\u00ebs zyrtare e dor\u00ebzuar n\u00eb BE nga ish-kryeministrja serbe, Ana B\u00ebrnabiq, m\u00eb 13 dhjetor 2023, dhe dor\u00ebzimi i Millan Radoi\u00e7iqit dhe grupit t\u00eb tij paramilitar terrorist tek autoritetet gjyq\u00ebsore t\u00eb Kosov\u00ebs.<\/p>\n<p>Pajtim p\u00ebr m\u00ebnyr\u00ebn e zbatimit t\u00eb Marr\u00ebveshjes Bazike, nuk soll\u00ebn as mbi 7 or\u00eb takime bilaterale e trilaterale n\u00eb nivel kryenegociator\u00ebsh t\u00eb k\u00ebsaj jave n\u00eb Bruksel.<\/p>\n<p>Kryenegociatori i Kosov\u00ebs, Besnik Bislimi, e akuzoi pal\u00ebn serbe se d\u00ebshiron vet\u00ebm zbatimin e pjessh\u00ebm t\u00eb Marr\u00ebveshjes Baz\u00eb, nd\u00ebrsa kryenegociatori serb, Petar Petkoviq, e kritikoi pal\u00ebn kosovare se nuk d\u00ebshiron ta themeloj\u00eb Asociacionin e komunave me shumic\u00eb serbe.<\/p>\n","protected":false},"excerpt":{"rendered":"<p>Bashkimi Evropian ka b\u00ebr\u00eb t\u00eb ditur q\u00eb emisarit t\u00eb BE-s\u00eb p\u00ebr dialogun Kosov\u00eb-Serbi, Miroslav Laj\u00e7ak \u00ebsht\u00eb propozuar q\u00eb t\u2019i zgjatet mandati edhe p\u00ebr pes\u00eb muaj t\u00eb tjer\u00eb. Z\u00ebdh\u00ebn\u00ebsja e BE-s\u00eb, Nabila Massrali n\u00eb konferenc\u00ebn p\u00ebr media, ka b\u00ebr\u00eb t\u00eb ditur se propozimi \u00ebsht\u00eb q\u00eb Laj\u00e7ak t\u00eb q\u00ebndroj\u00eb n\u00eb pozit\u00ebn e emisarit deri m\u00eb 31 janar [&hellip;]<\/p>\n","protected":false},"author":1,"featured_media":174825,"comment_status":"closed","ping_status":"closed","sticky":false,"template":"","format":"standard","meta":{"footnotes":""},"categories":[5],"tags":[],"class_list":{"0":"post-175225","1":"post","2":"type-post","3":"status-publish","4":"format-standard","5":"has-post-thumbnail","7":"category-lajme"},"_links":{"self":[{"href":"https:\/\/radiostargjilan.com\/web\/wp-json\/wp\/v2\/posts\/175225","targetHints":{"allow":["GET"]}}],"collection":[{"href":"https:\/\/radiostargjilan.com\/web\/wp-json\/wp\/v2\/posts"}],"about":[{"href":"https:\/\/radiostargjilan.com\/web\/wp-json\/wp\/v2\/types\/post"}],"author":[{"embeddable":true,"href":"https:\/\/radiostargjilan.com\/web\/wp-json\/wp\/v2\/users\/1"}],"replies":[{"embeddable":true,"href":"https:\/\/radiostargjilan.com\/web\/wp-json\/wp\/v2\/comments?post=175225"}],"version-history":[{"count":0,"href":"https:\/\/radiostargjilan.com\/web\/wp-json\/wp\/v2\/posts\/175225\/revisions"}],"wp:featuredmedia":[{"embeddable":true,"href":"https:\/\/radiostargjilan.com\/web\/wp-json\/wp\/v2\/media\/174825"}],"wp:attachment":[{"href":"https:\/\/radiostargjilan.com\/web\/wp-json\/wp\/v2\/media?parent=175225"}],"wp:term":[{"taxonomy":"category","embeddable":true,"href":"https:\/\/radiostargjilan.com\/web\/wp-json\/wp\/v2\/categories?post=175225"},{"taxonomy":"post_tag","embeddable":true,"href":"https:\/\/radiostargjilan.com\/web\/wp-json\/wp\/v2\/tags?post=175225"}],"curies":[{"name":"wp","href":"https:\/\/api.w.org\/{rel}","templated":true}]}}