{"id":17549,"date":"2018-06-03T19:48:31","date_gmt":"2018-06-03T19:48:31","guid":{"rendered":"http:\/\/radiostargjilan.com\/web\/?p=17549"},"modified":"2018-06-03T19:48:31","modified_gmt":"2018-06-03T19:48:31","slug":"kengetarja-tringa-kay-eshte-e-njohur-per-stilin-e-vecante-te-posedon","status":"publish","type":"post","link":"https:\/\/radiostargjilan.com\/web\/kengetarja-tringa-kay-eshte-e-njohur-per-stilin-e-vecante-te-posedon\/","title":{"rendered":"K\u00ebng\u00ebtarja Tringa Kay \u00ebsht\u00eb e njohur p\u00ebr stilin e ve\u00e7ant\u00eb t\u00eb posedon."},"content":{"rendered":"<p>K\u00ebng\u00ebtarja Tringa Kay \u00ebsht\u00eb e njohur p\u00ebr stilin e ve\u00e7ant\u00eb t\u00eb posedon.<br \/>\nAjo p\u00ebrpos q\u00eb po punon q\u00eb p\u00ebr sezon\u00ebn e ver\u00ebs t\u00eb sjell projekte, edhe data ka shum\u00eb, shkruan arbresh.info.<br \/>\nTringa \u00ebsht\u00eb e angazhuar me mbr\u00ebmje muzikore brenda Kosov\u00ebs ku arg\u00ebton publikun me z\u00ebrin e saj.<br \/>\nVokali i Tring\u00ebs ka nj\u00eb ngjyr\u00eb tejet t\u00eb p\u00eblqyer p\u00ebr fansat e muzik\u00ebs s\u00eb saj, q\u00eb performon edhe k\u00ebng\u00eb popullore e qytetare.<br \/>\nK\u00ebng\u00ebtarja me dat\u00eb 16 qershor do jet\u00eb n\u00eb Kaffaz Projekt n\u00eb Mitrovic\u00eb, dhe pritet \u2018ta kall\u2019 atmosfer\u00ebn\u2019.<\/p>\n","protected":false},"excerpt":{"rendered":"<p>K\u00ebng\u00ebtarja Tringa Kay \u00ebsht\u00eb e njohur p\u00ebr stilin e ve\u00e7ant\u00eb t\u00eb posedon. Ajo p\u00ebrpos q\u00eb po punon q\u00eb p\u00ebr sezon\u00ebn e ver\u00ebs t\u00eb sjell projekte, edhe data ka shum\u00eb, shkruan arbresh.info. Tringa \u00ebsht\u00eb e angazhuar me mbr\u00ebmje muzikore brenda Kosov\u00ebs ku arg\u00ebton publikun me z\u00ebrin e saj. Vokali i Tring\u00ebs ka nj\u00eb ngjyr\u00eb tejet t\u00eb [&hellip;]<\/p>\n","protected":false},"author":1,"featured_media":17550,"comment_status":"closed","ping_status":"closed","sticky":false,"template":"","format":"standard","meta":{"footnotes":""},"categories":[5],"tags":[],"class_list":{"0":"post-17549","1":"post","2":"type-post","3":"status-publish","4":"format-standard","5":"has-post-thumbnail","7":"category-lajme"},"_links":{"self":[{"href":"https:\/\/radiostargjilan.com\/web\/wp-json\/wp\/v2\/posts\/17549","targetHints":{"allow":["GET"]}}],"collection":[{"href":"https:\/\/radiostargjilan.com\/web\/wp-json\/wp\/v2\/posts"}],"about":[{"href":"https:\/\/radiostargjilan.com\/web\/wp-json\/wp\/v2\/types\/post"}],"author":[{"embeddable":true,"href":"https:\/\/radiostargjilan.com\/web\/wp-json\/wp\/v2\/users\/1"}],"replies":[{"embeddable":true,"href":"https:\/\/radiostargjilan.com\/web\/wp-json\/wp\/v2\/comments?post=17549"}],"version-history":[{"count":0,"href":"https:\/\/radiostargjilan.com\/web\/wp-json\/wp\/v2\/posts\/17549\/revisions"}],"wp:featuredmedia":[{"embeddable":true,"href":"https:\/\/radiostargjilan.com\/web\/wp-json\/wp\/v2\/media\/17550"}],"wp:attachment":[{"href":"https:\/\/radiostargjilan.com\/web\/wp-json\/wp\/v2\/media?parent=17549"}],"wp:term":[{"taxonomy":"category","embeddable":true,"href":"https:\/\/radiostargjilan.com\/web\/wp-json\/wp\/v2\/categories?post=17549"},{"taxonomy":"post_tag","embeddable":true,"href":"https:\/\/radiostargjilan.com\/web\/wp-json\/wp\/v2\/tags?post=17549"}],"curies":[{"name":"wp","href":"https:\/\/api.w.org\/{rel}","templated":true}]}}