{"id":175823,"date":"2024-07-15T15:18:36","date_gmt":"2024-07-15T13:18:36","guid":{"rendered":"https:\/\/radiostargjilan.com\/web\/?p=175823"},"modified":"2024-07-15T15:18:36","modified_gmt":"2024-07-15T13:18:36","slug":"hovenier-perkushtimi-i-shba-se-ndaj-kosoves-i-hekurt-nuk-eshte-sekret-qe-ka-shqetesime-me-disa-politika-te-kurtit","status":"publish","type":"post","link":"https:\/\/radiostargjilan.com\/web\/hovenier-perkushtimi-i-shba-se-ndaj-kosoves-i-hekurt-nuk-eshte-sekret-qe-ka-shqetesime-me-disa-politika-te-kurtit\/","title":{"rendered":"Hovenier: P\u00ebrkushtimi i SHBA-s\u00eb ndaj Kosov\u00ebs i hekurt, nuk \u00ebsht\u00eb sekret q\u00eb ka shqet\u00ebsime me disa politika t\u00eb Kurtit"},"content":{"rendered":"<p>Ambasadori i Shteteve t\u00eb Bashkuara n\u00eb Republik\u00ebn e Kosov\u00ebs, Jeffrey Hovenier, tha se p\u00ebrkushtimi i SHBA-s\u00eb ndaj popullit t\u00eb Kosov\u00ebs \u00ebsht\u00eb i fuqish\u00ebm dhe i hekurt si gjithmon\u00eb.<\/p>\n<p>Diplomati amerikan theksoi se nuk \u00ebsht\u00eb sekret se Qeveria e SHBA-s\u00eb ka disa shqet\u00ebsime politike t\u00eb cilat i ka b\u00ebr\u00eb Qeveria Kurti.<\/p>\n<p>\u201cDo ta them at\u00eb q\u00eb e kam th\u00ebn\u00eb gjithmon\u00eb. P\u00ebrkushtimi i SHBA-s\u00eb ndaj popullit t\u00eb Kosov\u00ebs \u00ebsht\u00eb i fuqish\u00ebm dhe i hekurt si gjithmon\u00eb. Prandaj edhe jam sot k\u00ebtu sot n\u00eb Gjakov\u00eb. Por kjo nuk n\u00ebnkupton q\u00eb pajtohemi me \u00e7do zgjidhje t\u00eb b\u00ebr\u00eb nga \u00e7do qeveri e Kosov\u00ebs. Dhe nuk \u00ebsht\u00eb m\u00eb sekret q\u00eb qeveria ime bashk\u00eb me disa nga partner\u00ebt me t\u00eb cil\u00ebn punojm\u00eb, kemi disa shqet\u00ebsime p\u00ebr disa zgjidhje politike t\u00eb cilat i ka b\u00ebr\u00eb Qeveria Kurti dhe t\u00eb cilat e pamund\u00ebsojn\u00eb at\u00eb \u00e7ka d\u00ebshirojm\u00eb t\u00eb arrijm\u00eb p\u00ebr Kosov\u00ebn\u201d. Ka th\u00ebn\u00eb Hovenier, duke shtuar se shpreson q\u00eb bashk\u00ebpunimi n\u00eb t\u00eb ardhmen t\u00eb jet\u00eb sa m\u00eb t\u00eb ngusht\u00eb n\u00eb m\u00ebnyr\u00eb q\u00eb kur t\u00eb ket\u00eb \u00e7\u00ebshtje t\u00eb v\u00ebshtira, t\u00eb gjendet mund\u00ebsi q\u00eb t\u00eb \u00e7ohen p\u00ebrpara m\u00eb leht\u00eb.<\/p>\n<p>Hovenier, i cili po q\u00ebndron sot n\u00eb Gjakov\u00eb ku takoi edhe kryetarin Ardian Gjini, ka folur p\u00ebr ligjet q\u00eb jan\u00eb miratuar s\u00eb fundi nga Kuvendi i Kosov\u00ebs, duke p\u00ebrfshir\u00eb edhe Ligjin p\u00ebr KPM-n\u00eb dhe KPK-n\u00eb.<\/p>\n<p>Ai tha se qeveria amerikane k\u00ebshillon Kosov\u00ebn q\u00eb ligjet q\u00eb miratohen nga Kuvendi i Kosov\u00ebs t\u00eb jen\u00eb n\u00eb p\u00ebrputhje me normat evropiane.<\/p>\n<p>Hovenier deklaroi se pas miratimit t\u00eb Ligjit p\u00ebr KPK-n\u00eb dhe KPM-n\u00eb, ka biseduar me zyrtar\u00ebt e qeveris\u00eb.<\/p>\n<p>\u201cUn\u00eb kam pasur rastin q\u00eb t\u00eb bisedoj\u00eb me zyrtar\u00ebt e qeveris\u00eb. Kuptoj q\u00eb ka ndjenja t\u00eb fuqishme n\u00ebse jan\u00eb ligjet n\u00eb p\u00ebrputhje me normat evropiane apo jo. K\u00ebshilla \u00ebsht\u00eb q\u00eb t\u00eb sigurohen q\u00eb \u00e7do legjislacion q\u00eb t\u00eb jet\u00eb n\u00eb p\u00ebrputhje me normat evropian, sepse ne natyrisht mendojm\u00eb q\u00eb Kosova t\u00eb jet\u00eb an\u00ebtar\u00eb e BE-s\u00eb, NATO-s, prandaj mendojm\u00eb q\u00eb nuk \u00ebsht\u00eb edhe shum\u00eb e men\u00e7ur q\u00eb ato organizata evropiane e kan\u00eb th\u00ebn\u00eb q\u00eb k\u00ebto projektligje nuk jan\u00eb n\u00eb p\u00ebrputhje me normat evropiane\u201d, shtoi Hovenier.<\/p>\n<p>Deputet\u00eb e Kuvendit t\u00eb Kosov\u00ebs n\u00eb seanc\u00ebn e 11 korrikut e kan\u00eb miratuar Projektligjin p\u00ebr Komisionin e Pavarur t\u00eb Mediave (KPM), i cili mes tjerash parasheh licencimin e mediave online, monitorimin e tyre dhe gjoba deri n\u00eb 40 mij\u00eb euro.<\/p>\n<p>Ky projektligj u miratua n\u00eb lexim t\u00eb dyt\u00eb me 59 vota p\u00ebr, asnj\u00eb kund\u00ebr dhe dy abstenime\/Demokracia\/<\/p>\n","protected":false},"excerpt":{"rendered":"<p>Ambasadori i Shteteve t\u00eb Bashkuara n\u00eb Republik\u00ebn e Kosov\u00ebs, Jeffrey Hovenier, tha se p\u00ebrkushtimi i SHBA-s\u00eb ndaj popullit t\u00eb Kosov\u00ebs \u00ebsht\u00eb i fuqish\u00ebm dhe i hekurt si gjithmon\u00eb. Diplomati amerikan theksoi se nuk \u00ebsht\u00eb sekret se Qeveria e SHBA-s\u00eb ka disa shqet\u00ebsime politike t\u00eb cilat i ka b\u00ebr\u00eb Qeveria Kurti. \u201cDo ta them at\u00eb q\u00eb [&hellip;]<\/p>\n","protected":false},"author":1,"featured_media":175824,"comment_status":"closed","ping_status":"closed","sticky":false,"template":"","format":"standard","meta":{"footnotes":""},"categories":[5],"tags":[],"class_list":{"0":"post-175823","1":"post","2":"type-post","3":"status-publish","4":"format-standard","5":"has-post-thumbnail","7":"category-lajme"},"_links":{"self":[{"href":"https:\/\/radiostargjilan.com\/web\/wp-json\/wp\/v2\/posts\/175823","targetHints":{"allow":["GET"]}}],"collection":[{"href":"https:\/\/radiostargjilan.com\/web\/wp-json\/wp\/v2\/posts"}],"about":[{"href":"https:\/\/radiostargjilan.com\/web\/wp-json\/wp\/v2\/types\/post"}],"author":[{"embeddable":true,"href":"https:\/\/radiostargjilan.com\/web\/wp-json\/wp\/v2\/users\/1"}],"replies":[{"embeddable":true,"href":"https:\/\/radiostargjilan.com\/web\/wp-json\/wp\/v2\/comments?post=175823"}],"version-history":[{"count":0,"href":"https:\/\/radiostargjilan.com\/web\/wp-json\/wp\/v2\/posts\/175823\/revisions"}],"wp:featuredmedia":[{"embeddable":true,"href":"https:\/\/radiostargjilan.com\/web\/wp-json\/wp\/v2\/media\/175824"}],"wp:attachment":[{"href":"https:\/\/radiostargjilan.com\/web\/wp-json\/wp\/v2\/media?parent=175823"}],"wp:term":[{"taxonomy":"category","embeddable":true,"href":"https:\/\/radiostargjilan.com\/web\/wp-json\/wp\/v2\/categories?post=175823"},{"taxonomy":"post_tag","embeddable":true,"href":"https:\/\/radiostargjilan.com\/web\/wp-json\/wp\/v2\/tags?post=175823"}],"curies":[{"name":"wp","href":"https:\/\/api.w.org\/{rel}","templated":true}]}}