{"id":176017,"date":"2024-07-18T11:47:52","date_gmt":"2024-07-18T09:47:52","guid":{"rendered":"https:\/\/radiostargjilan.com\/web\/?p=176017"},"modified":"2024-07-18T11:47:52","modified_gmt":"2024-07-18T09:47:52","slug":"arrestimi-i-ish-ushtarit-te-uck-se-kurti-jemi-ne-komunikim-me-qeverine-e-maqedonise-se-veriut","status":"publish","type":"post","link":"https:\/\/radiostargjilan.com\/web\/arrestimi-i-ish-ushtarit-te-uck-se-kurti-jemi-ne-komunikim-me-qeverine-e-maqedonise-se-veriut\/","title":{"rendered":"Arrestimi i ish-ushtarit t\u00eb U\u00c7K-s\u00eb, Kurti: Jemi n\u00eb komunikim me Qeverin\u00eb e Maqedonis\u00eb s\u00eb Veriut"},"content":{"rendered":"<p>Kryeministri i Kosov\u00ebs, Albin Kurti, ka th\u00ebn\u00eb se \u00ebsht\u00eb n\u00eb komunikim me Qeverin\u00eb e Maqedonis\u00eb s\u00eb Veriut pas arrestimit t\u00eb ish-ushtarit t\u00eb Ushtris\u00eb \u00c7lirimtare t\u00eb Kosov\u00ebs (U\u00c7K), Blerim Ramadani, p\u00ebr shkak t\u00eb fletarrestit nga Serbia.<\/p>\n<p>\u201cJemi n\u00eb komunikim me Qeverin\u00eb e Maqedonis\u00eb s\u00eb Veriut dhe me sektor\u00ebt p\u00ebrkat\u00ebs atje n\u00eb m\u00ebnyr\u00eb q\u00eb t\u00eb marrim vesh m\u00eb shum\u00eb p\u00ebr shtetasin e Kosov\u00ebs i cili po mbahet n\u00eb paraburgim atje dhe q\u00eb mos t\u00eb ket\u00eb n\u00ebnshtrim ndaj agresivitet t\u00eb Serbis\u00eb kund\u00ebr Kosov\u00ebs q\u00eb reflektohet edhe n\u00eb fletarrestime t\u00eb tilla p\u00ebr qytetar\u00ebt tan\u00eb\u201d, tha Kurti.<\/p>\n<p>Arrestimi i Ramadanit u krye dje n\u00eb pik\u00ebkalimin kufitar Jazinc\u00eb-Glloboqic\u00eb, q\u00eb lidh Kosov\u00ebn me Maqedonin\u00eb e Veriut.<\/p>\n","protected":false},"excerpt":{"rendered":"<p>Kryeministri i Kosov\u00ebs, Albin Kurti, ka th\u00ebn\u00eb se \u00ebsht\u00eb n\u00eb komunikim me Qeverin\u00eb e Maqedonis\u00eb s\u00eb Veriut pas arrestimit t\u00eb ish-ushtarit t\u00eb Ushtris\u00eb \u00c7lirimtare t\u00eb Kosov\u00ebs (U\u00c7K), Blerim Ramadani, p\u00ebr shkak t\u00eb fletarrestit nga Serbia. \u201cJemi n\u00eb komunikim me Qeverin\u00eb e Maqedonis\u00eb s\u00eb Veriut dhe me sektor\u00ebt p\u00ebrkat\u00ebs atje n\u00eb m\u00ebnyr\u00eb q\u00eb t\u00eb marrim vesh [&hellip;]<\/p>\n","protected":false},"author":1,"featured_media":176018,"comment_status":"closed","ping_status":"closed","sticky":false,"template":"","format":"standard","meta":{"footnotes":""},"categories":[5],"tags":[],"class_list":{"0":"post-176017","1":"post","2":"type-post","3":"status-publish","4":"format-standard","5":"has-post-thumbnail","7":"category-lajme"},"_links":{"self":[{"href":"https:\/\/radiostargjilan.com\/web\/wp-json\/wp\/v2\/posts\/176017","targetHints":{"allow":["GET"]}}],"collection":[{"href":"https:\/\/radiostargjilan.com\/web\/wp-json\/wp\/v2\/posts"}],"about":[{"href":"https:\/\/radiostargjilan.com\/web\/wp-json\/wp\/v2\/types\/post"}],"author":[{"embeddable":true,"href":"https:\/\/radiostargjilan.com\/web\/wp-json\/wp\/v2\/users\/1"}],"replies":[{"embeddable":true,"href":"https:\/\/radiostargjilan.com\/web\/wp-json\/wp\/v2\/comments?post=176017"}],"version-history":[{"count":0,"href":"https:\/\/radiostargjilan.com\/web\/wp-json\/wp\/v2\/posts\/176017\/revisions"}],"wp:featuredmedia":[{"embeddable":true,"href":"https:\/\/radiostargjilan.com\/web\/wp-json\/wp\/v2\/media\/176018"}],"wp:attachment":[{"href":"https:\/\/radiostargjilan.com\/web\/wp-json\/wp\/v2\/media?parent=176017"}],"wp:term":[{"taxonomy":"category","embeddable":true,"href":"https:\/\/radiostargjilan.com\/web\/wp-json\/wp\/v2\/categories?post=176017"},{"taxonomy":"post_tag","embeddable":true,"href":"https:\/\/radiostargjilan.com\/web\/wp-json\/wp\/v2\/tags?post=176017"}],"curies":[{"name":"wp","href":"https:\/\/api.w.org\/{rel}","templated":true}]}}