{"id":176184,"date":"2024-07-20T18:58:14","date_gmt":"2024-07-20T16:58:14","guid":{"rendered":"https:\/\/radiostargjilan.com\/web\/?p=176184"},"modified":"2024-07-20T18:58:14","modified_gmt":"2024-07-20T16:58:14","slug":"kadriu-berisha-dhe-latifi-ndezin-qirinj-ne-shenje-pakenaqesie-per-projektin-e-stadiumit-ne-gjilan","status":"publish","type":"post","link":"https:\/\/radiostargjilan.com\/web\/kadriu-berisha-dhe-latifi-ndezin-qirinj-ne-shenje-pakenaqesie-per-projektin-e-stadiumit-ne-gjilan\/","title":{"rendered":"Kadriu, Berisha dhe Latifi, ndezin qirinj n\u00eb shenj\u00eb pak\u00ebnaq\u00ebsie p\u00ebr projektin e Stadiumit n\u00eb Gjilan"},"content":{"rendered":"<p>Kadriu, Berisha dhe Latifi, ndezin qirinj n\u00eb shenj\u00eb pak\u00ebnaq\u00ebsie p\u00ebr projektin e Stadiumit n\u00eb Gjilan<\/p>\n<p>N\u00eb Gjilan, mungesa e p\u00ebrparimit n\u00eb projektin e stadiumit t\u00eb qytetit ka sjell\u00eb mllef dhe zhg\u00ebnjim tek qytetar\u00ebt shkruan Radio Star. <\/p>\n<p>Ky projekt, i cili tash e kat\u00ebr vjet nuk ka gjetur rrug\u00ebn e p\u00ebrfundimit, \u00ebsht\u00eb p\u00ebrballur me shum\u00eb shkelje gjat\u00eb procesit t\u00eb tenderimit.<\/p>\n<p>N\u00eb shenj\u00eb pak\u00ebnaq\u00ebsie p\u00ebr k\u00ebt\u00eb situat\u00eb, Kushtrim Kadriu, s\u00eb bashku me k\u00ebshilltarin komunal Latif Maliqi dhe ish-asambleistin Burim Berisha, vendos\u00ebn qirinj n\u00eb stadiumin e pap\u00ebrfunduar.<\/p>\n<p>Nd\u00ebrkoh\u00eb q\u00eb projekti i stadiumit \u00ebsht\u00eb anuluar p\u00ebr momentin, ka ende shpres\u00eb q\u00eb autoritetet lokale dhe qendrore do t\u00eb nd\u00ebrmarrin hapat e nevojsh\u00ebm p\u00ebr t\u00eb rifilluar punimet dhe p\u00ebr t\u00eb siguruar q\u00eb projekti t\u00eb p\u00ebrfundoj\u00eb me sukses.<\/p>\n<p>E ardhmja e projektit t\u00eb stadiumit mbetet e paqart\u00eb, por shpresa p\u00ebr p\u00ebrmir\u00ebsim dhe p\u00ebrfundim t\u00eb suksessh\u00ebm t\u00eb tij vazhdon t\u00eb mbetet tek qytetar\u00ebt e Gjilanit.<\/p>\n<p>Shkrimi i plot\u00eb i Kushtrim Kadriut:<\/p>\n<p>Duke qen\u00eb t\u00eb mllefosur me mosfillimin e pun\u00ebve n\u00eb stadiumit t\u00eb qytetit, projekt i cili tash e kat\u00ebr vjet nuk po gjen rrug\u00ebn e p\u00ebrfundimit, sonte s\u00eb bashku me k\u00ebshilltarin komunal z. Latif Maliqin dhe ish- asambleistin Burim Berisha, n\u00eb shenj\u00eb pak\u00ebnaq\u00ebsie vendos\u00ebm qirinj\u00eb me rastin e vdekjes s\u00eb projektit t\u00eb stadiumit, i cili p\u00ebrfundimisht u anulua si rezultat i shkeljeve t\u00eb shumta n\u00eb tenderimin e tij.<br \/>\nKy stadium, edhe do t\u00eb b\u00ebhet ndonj\u00ebher\u00eb, me ikjen e t\u00eb rinjve me gjas\u00eb nuk do t\u00eb ket\u00eb kush ta g\u00ebzoj\u00eb atmosfer\u00ebn dhe spektaklin e tij t\u00eb dikursh\u00ebm e t\u00eb njohur n\u00eb mbar\u00eb Evrop\u00ebn.\/Radio Star\/<\/p>\n","protected":false},"excerpt":{"rendered":"<p>Kadriu, Berisha dhe Latifi, ndezin qirinj n\u00eb shenj\u00eb pak\u00ebnaq\u00ebsie p\u00ebr projektin e Stadiumit n\u00eb Gjilan N\u00eb Gjilan, mungesa e p\u00ebrparimit n\u00eb projektin e stadiumit t\u00eb qytetit ka sjell\u00eb mllef dhe zhg\u00ebnjim tek qytetar\u00ebt shkruan Radio Star. Ky projekt, i cili tash e kat\u00ebr vjet nuk ka gjetur rrug\u00ebn e p\u00ebrfundimit, \u00ebsht\u00eb p\u00ebrballur me shum\u00eb shkelje [&hellip;]<\/p>\n","protected":false},"author":1,"featured_media":176185,"comment_status":"closed","ping_status":"closed","sticky":false,"template":"","format":"standard","meta":{"footnotes":""},"categories":[5],"tags":[],"class_list":{"0":"post-176184","1":"post","2":"type-post","3":"status-publish","4":"format-standard","5":"has-post-thumbnail","7":"category-lajme"},"_links":{"self":[{"href":"https:\/\/radiostargjilan.com\/web\/wp-json\/wp\/v2\/posts\/176184","targetHints":{"allow":["GET"]}}],"collection":[{"href":"https:\/\/radiostargjilan.com\/web\/wp-json\/wp\/v2\/posts"}],"about":[{"href":"https:\/\/radiostargjilan.com\/web\/wp-json\/wp\/v2\/types\/post"}],"author":[{"embeddable":true,"href":"https:\/\/radiostargjilan.com\/web\/wp-json\/wp\/v2\/users\/1"}],"replies":[{"embeddable":true,"href":"https:\/\/radiostargjilan.com\/web\/wp-json\/wp\/v2\/comments?post=176184"}],"version-history":[{"count":0,"href":"https:\/\/radiostargjilan.com\/web\/wp-json\/wp\/v2\/posts\/176184\/revisions"}],"wp:featuredmedia":[{"embeddable":true,"href":"https:\/\/radiostargjilan.com\/web\/wp-json\/wp\/v2\/media\/176185"}],"wp:attachment":[{"href":"https:\/\/radiostargjilan.com\/web\/wp-json\/wp\/v2\/media?parent=176184"}],"wp:term":[{"taxonomy":"category","embeddable":true,"href":"https:\/\/radiostargjilan.com\/web\/wp-json\/wp\/v2\/categories?post=176184"},{"taxonomy":"post_tag","embeddable":true,"href":"https:\/\/radiostargjilan.com\/web\/wp-json\/wp\/v2\/tags?post=176184"}],"curies":[{"name":"wp","href":"https:\/\/api.w.org\/{rel}","templated":true}]}}