{"id":176196,"date":"2024-07-20T20:59:36","date_gmt":"2024-07-20T18:59:36","guid":{"rendered":"https:\/\/radiostargjilan.com\/web\/?p=176196"},"modified":"2024-07-20T20:59:36","modified_gmt":"2024-07-20T18:59:36","slug":"ldk-ne-gjilan-me-akuza-ndaj-kryetarit-alban-hyseni-neglizhence-e-papapare-ne-zgjerimin-e-rruges-gjilan-bujanoc","status":"publish","type":"post","link":"https:\/\/radiostargjilan.com\/web\/ldk-ne-gjilan-me-akuza-ndaj-kryetarit-alban-hyseni-neglizhence-e-papapare-ne-zgjerimin-e-rruges-gjilan-bujanoc\/","title":{"rendered":"LDK n\u00eb Gjilan me akuza ndaj kryetarit, Alban Hyseni: Neglizhenc\u00eb e papapar\u00eb n\u00eb zgjerimin e rrug\u00ebs Gjilan-Bujanoc"},"content":{"rendered":"<p>N\u00eb kuad\u00ebr t\u00eb paraqitjes s\u00eb 101 problemeve komunale, sot n\u00eb em\u00ebr t\u00eb Lidhjes Demokratike t\u00eb Kosov\u00ebs n\u00eb Gjilan, problemin e tret\u00eb me radh\u00eb pas problemit t\u00eb par\u00eb t\u00eb pasqyruar q\u00eb \u00ebsht\u00eb Raporti i Zyr\u00ebs Komb\u00ebtare t\u00eb Auditimit dhe problemit t\u00eb dyt\u00eb q\u00eb \u00ebsht\u00eb moszbatimi i vendimeve t\u00eb Kuvendit Komunal p\u00ebr shoqatat e personave me aft\u00ebsi t\u00eb kufizuar, e paraqiti z\u00ebdh\u00ebn\u00ebsja e LDK-s\u00eb n\u00eb Gjilan, znj. Gresa Avdiu. <\/p>\n<p>Ajo ngriti shqet\u00ebsimin p\u00ebr vonesat n\u00eb p\u00ebrfundimin e rrug\u00ebs Gjilan- Bujanoc, projekt ky i nisur n\u00eb qeverisjen ton\u00eb e q\u00eb nuk po p\u00ebrfundon ende, pavar\u00ebsisht premtimit t\u00eb k\u00ebtij ekzekutivi se do t\u00eb p\u00ebrfundoj\u00eb n\u00eb korrik t\u00eb vitit 2023. <\/p>\n<p>\u201cK\u00ebt\u00eb projekt e kan\u00eb p\u00ebrgjysmuar, sepse nuk i kan\u00eb vazhduar punimet p\u00ebr zgjerimin e rrug\u00ebs deri n\u00eb fshatin Dobercan, ashtu sic ishte parapar\u00eb. P\u00ebrve\u00e7 qytetar\u00ebve q\u00eb e kalojn\u00eb k\u00ebt\u00eb rrug\u00eb cdo dit\u00eb, p\u00ebrve\u00e7 banor\u00ebve t\u00eb k\u00ebsaj ane, kjo rrug\u00eb veshtir\u00ebsi t\u00eb m\u00ebdha paraqet edhe p\u00ebr bizneset n\u00eb k\u00ebt\u00eb zon\u00eb. Tash e sa vite kjo rrug\u00eb e mundimshme \u00ebsht\u00eb b\u00ebr\u00eb edhe p\u00ebr bashkatdhetar\u00ebt tan\u00eb, sepse intensifikimi i punimeve po b\u00ebhet pik\u00ebrisht kur ata jan\u00eb k\u00ebtu. Nj\u00eb neglizhenc\u00eb e papar\u00eb e Ministris\u00eb s\u00eb Infrastruktur\u00ebs, e nj\u00eb heshtje e pakuptimt\u00eb e Komun\u00ebs s\u00eb Gjilanit, po shkaktojn\u00eb vonesa t\u00eb m\u00ebdha n\u00eb pun\u00ebt finale\u201d,- tha Avdiu para medieve.<br \/>\nGjilani meriton m\u00eb shum\u00eb! <\/p>\n<p><iframe loading=\"lazy\" src=\"https:\/\/www.facebook.com\/plugins\/video.php?height=314&#038;href=https%3A%2F%2Fwww.facebook.com%2FRadioStarGjilan%2Fvideos%2F686527160324264%2F&#038;show_text=false&#038;width=560&#038;t=0\" width=\"560\" height=\"314\" style=\"border:none;overflow:hidden\" scrolling=\"no\" frameborder=\"0\" allowfullscreen=\"true\" allow=\"autoplay; clipboard-write; encrypted-media; picture-in-picture; web-share\" allowFullScreen=\"true\"><\/iframe><\/p>\n","protected":false},"excerpt":{"rendered":"<p>N\u00eb kuad\u00ebr t\u00eb paraqitjes s\u00eb 101 problemeve komunale, sot n\u00eb em\u00ebr t\u00eb Lidhjes Demokratike t\u00eb Kosov\u00ebs n\u00eb Gjilan, problemin e tret\u00eb me radh\u00eb pas problemit t\u00eb par\u00eb t\u00eb pasqyruar q\u00eb \u00ebsht\u00eb Raporti i Zyr\u00ebs Komb\u00ebtare t\u00eb Auditimit dhe problemit t\u00eb dyt\u00eb q\u00eb \u00ebsht\u00eb moszbatimi i vendimeve t\u00eb Kuvendit Komunal p\u00ebr shoqatat e personave me aft\u00ebsi [&hellip;]<\/p>\n","protected":false},"author":1,"featured_media":176197,"comment_status":"closed","ping_status":"closed","sticky":false,"template":"","format":"standard","meta":{"footnotes":""},"categories":[5],"tags":[],"class_list":{"0":"post-176196","1":"post","2":"type-post","3":"status-publish","4":"format-standard","5":"has-post-thumbnail","7":"category-lajme"},"_links":{"self":[{"href":"https:\/\/radiostargjilan.com\/web\/wp-json\/wp\/v2\/posts\/176196","targetHints":{"allow":["GET"]}}],"collection":[{"href":"https:\/\/radiostargjilan.com\/web\/wp-json\/wp\/v2\/posts"}],"about":[{"href":"https:\/\/radiostargjilan.com\/web\/wp-json\/wp\/v2\/types\/post"}],"author":[{"embeddable":true,"href":"https:\/\/radiostargjilan.com\/web\/wp-json\/wp\/v2\/users\/1"}],"replies":[{"embeddable":true,"href":"https:\/\/radiostargjilan.com\/web\/wp-json\/wp\/v2\/comments?post=176196"}],"version-history":[{"count":0,"href":"https:\/\/radiostargjilan.com\/web\/wp-json\/wp\/v2\/posts\/176196\/revisions"}],"wp:featuredmedia":[{"embeddable":true,"href":"https:\/\/radiostargjilan.com\/web\/wp-json\/wp\/v2\/media\/176197"}],"wp:attachment":[{"href":"https:\/\/radiostargjilan.com\/web\/wp-json\/wp\/v2\/media?parent=176196"}],"wp:term":[{"taxonomy":"category","embeddable":true,"href":"https:\/\/radiostargjilan.com\/web\/wp-json\/wp\/v2\/categories?post=176196"},{"taxonomy":"post_tag","embeddable":true,"href":"https:\/\/radiostargjilan.com\/web\/wp-json\/wp\/v2\/tags?post=176196"}],"curies":[{"name":"wp","href":"https:\/\/api.w.org\/{rel}","templated":true}]}}