{"id":176368,"date":"2024-07-23T20:42:19","date_gmt":"2024-07-23T18:42:19","guid":{"rendered":"https:\/\/radiostargjilan.com\/web\/?p=176368"},"modified":"2024-07-23T20:42:19","modified_gmt":"2024-07-23T18:42:19","slug":"shba-e-shqetesuar-pas-hyrjes-se-partive-proruse-ne-qeverine-e-malit-te-zi","status":"publish","type":"post","link":"https:\/\/radiostargjilan.com\/web\/shba-e-shqetesuar-pas-hyrjes-se-partive-proruse-ne-qeverine-e-malit-te-zi\/","title":{"rendered":"SHBA e shqet\u00ebsuar pas hyrjes s\u00eb partive proruse n\u00eb Qeverin\u00eb e Malit t\u00eb Zi"},"content":{"rendered":"<p>Partia proruse, Fronti Demokratik (DF) dhe Partia Boshnjake (BS) kan\u00eb hyr\u00eb n\u00eb Qeverin\u00eb e Malit t\u00eb Zi, pasi Parlamenti votoi m\u00eb 23 korrik p\u00ebr riformatizmin e ekzekutivit. Shtetet e Bashkuara than\u00eb se jan\u00eb t\u00eb shqet\u00ebsuara p\u00ebr p\u00ebrfshirjen e k\u00ebtyre partive n\u00eb Qeveri.<\/p>\n<p>Partia proruse do t\u00eb ket\u00eb dy poste t\u00eb z\u00ebvend\u00ebspresidentit dhe do t\u00eb udh\u00ebheq\u00eb dy ministri, nd\u00ebrkaq partia boshnjake do t\u00eb ket\u00eb nj\u00eb z\u00ebvend\u00ebspresident dhe pes\u00eb ministra.<\/p>\n<p>Me hyrjen e k\u00ebtyre partive, Qeveria e Malit t\u00eb Zi tani do t\u00eb ket\u00eb 32 an\u00ebtar\u00eb \u2013 Qeveria m\u00eb e madhe n\u00eb historin\u00eb e shtetit.<\/p>\n<p>Kryeministri i Malit t\u00eb Zi, Millojko Spajiq, gjat\u00eb adresimit t\u00eb tij tha se Mali i Zi \u00ebsht\u00eb n\u00eb paqen m\u00eb t\u00eb mir\u00eb n\u00eb historin\u00eb e tij.<\/p>\n<p>\u201cKjo qeveri \u00ebsht\u00eb garantuese e stabilitetit dhe pjekuris\u00eb. Ne jemi tregues se si serb\u00ebt dhe shqiptar\u00ebt, serb\u00ebt dhe boshnjak\u00ebt mund t\u00eb jetojn\u00eb dhe punojn\u00eb s\u00eb bashku\u201d, tha Spajiq.<\/p>\n<p>Duke komentuar hyrjen e partive proruse n\u00eb ekzekutiv, p\u00ebrfaq\u00ebsuesi i Partis\u00eb Demokratike t\u00eb Socialist\u00ebve, Andrija Nikoliq, tha se Qeveria do t\u00eb menaxhohet nga Moska dhe Beogradi.<\/p>\n<p>\u201cKoka dhe truri jan\u00eb n\u00eb Mosk\u00eb. Koka e k\u00ebsaj qeverie \u00ebsht\u00eb [kryetari i Parlamentit] Andrija Mandiq, prandaj n\u00eb t\u00eb nuk ka asnj\u00eb malazez\u00eb\u201d.<\/p>\n<p>SHBA-ja, \u201ce shqet\u00ebsuar\u201d me hyrjen e partive proruse n\u00eb Qeveri<br \/>\nAmbasada e Shteteve t\u00eb Bashkuara t\u00eb Amerik\u00ebs n\u00eb Podgoric\u00eb shprehu shqet\u00ebsim p\u00ebr p\u00ebrfshirjen n\u00eb Qeveri t\u00eb partive dhe lider\u00ebve q\u00eb nuk e d\u00ebnojn\u00eb agresionin rus kund\u00ebr Ukrain\u00ebs dhe jan\u00eb kund\u00ebr sanksioneve t\u00eb Bashkimit Evropian kund\u00ebr Rusis\u00eb.<\/p>\n<p>Nga Ambasada amerikane than\u00eb p\u00ebr Radion Evropa e Lir\u00eb se mb\u00ebshtesin nj\u00eb qeveri t\u00eb p\u00ebrkushtuar p\u00ebr an\u00ebtar\u00ebsimin e shtetit n\u00eb BE, respektimin e vlerave euroatlantike dhe pjes\u00ebmarrjen e plot\u00eb n\u00eb NATO, q\u00eb pasqyron p\u00ebrb\u00ebrjen multikulturore t\u00eb Malit t\u00eb Zi.<\/p>\n<p>\u201cNe jemi t\u00eb shqet\u00ebsuar p\u00ebr p\u00ebrfshirjen n\u00eb Qeveri t\u00eb partive dhe lider\u00ebve q\u00eb nuk d\u00ebnojn\u00eb agresionin rus kund\u00ebr Ukrain\u00ebs, jan\u00eb kund\u00ebr sanksioneve t\u00eb Bashkimit Evropian kund\u00ebr Rusis\u00eb dhe veprimet e t\u00eb cil\u00ebve jan\u00eb n\u00eb kund\u00ebrshtim t\u00eb drejtp\u00ebrdrejt\u00eb me parimin e marr\u00ebdh\u00ebnieve t\u00eb fqinj\u00ebsis\u00eb s\u00eb mir\u00eb\u201d, tha Ambasada amerikane.<\/p>\n<p>Ambasada amerikane u b\u00ebri thirrje Qeveris\u00eb dhe deputet\u00ebve t\u00eb mbesin t\u00eb p\u00ebrqendruar n\u00eb q\u00ebllimin e p\u00ebrbashk\u00ebt, q\u00eb \u00ebsht\u00eb an\u00ebtar\u00ebsimi i Malit t\u00eb Zi n\u00eb BE, dhe t\u00eb shmangin \u00e7\u00ebshtje joproduktive q\u00eb k\u00ebrc\u00ebnojn\u00eb k\u00ebt\u00eb q\u00ebllim dhe shkaktojn\u00eb p\u00ebr\u00e7arje.<\/p>\n<p>\u201cSi aleate dhe partnere e ngusht\u00eb i Malit t\u00eb Zi, SHBA-ja do t\u00eb vazhdoj\u00eb t\u00eb mb\u00ebshtes\u00eb dhe njoh veprimet konstruktive t\u00eb Kuvendit dhe Qeveris\u00eb, duke v\u00ebn\u00eb n\u00eb pah aktivitete q\u00eb jan\u00eb n\u00eb kund\u00ebrshtim me vlerat euroatlantike dhe rrezikojn\u00eb p\u00ebrparimin e preksh\u00ebm drejt integrimit. n\u00eb Bashkimin Evropian\u201d, tha Ambasada amerikane n\u00eb nj\u00eb p\u00ebrgjigje p\u00ebr REL-in.<\/p>\n<p>Ky \u00ebsht\u00eb riformatizimi i par\u00eb i Qeveris\u00eb s\u00eb Spajiqit, e cila u formua n\u00eb fund t\u00eb tetorit t\u00eb vitit t\u00eb kaluar me votat e 46 deputet\u00ebve nga 81 sa jan\u00eb gjithsej.<\/p>\n<p>Qeverin\u00eb, at\u00ebkoh\u00eb, e mb\u00ebshtet\u00ebn 13 deputet\u00eb t\u00eb partive t\u00eb DF-s\u00eb, q\u00eb u shp\u00ebrb\u00eb s\u00eb voni \u2013 p\u00ebrkat\u00ebsisht Demokracia e Re Serbe e Andrija Mandiqit dhe Partia Popullore Demokratike e Millan Knezheviqit \u2013 me kushtin q\u00eb t\u2019i bashkohen Qeveris\u00eb k\u00ebt\u00eb vit.<\/p>\n<p>Politika e k\u00ebtyre partive \u00ebsht\u00eb n\u00eb kund\u00ebrshtim me politik\u00ebn zyrtare t\u00eb Malit t\u00eb Zi, i cili \u00ebsht\u00eb vend kandidat p\u00ebr an\u00ebtar\u00ebsim n\u00eb Bashkimin Evropian.<\/p>\n<p>K\u00ebto parti mb\u00ebshtesin heqjen e sanksioneve kund\u00ebr Rusis\u00eb \u2013 t\u00eb vendosura p\u00ebr shkak t\u00eb agresionit t\u00eb saj n\u00eb Ukrain\u00eb \u2013 nuk e njohin pavar\u00ebsin\u00eb e Kosov\u00ebs, jan\u00eb kund\u00ebrshtare t\u00eb an\u00ebtar\u00ebsimit t\u00eb Malit t\u00eb Zi n\u00eb NATO, mohojn\u00eb gjenocidin n\u00eb Srebrenic\u00eb, mb\u00ebshtesin kriminel\u00ebt e d\u00ebnuar t\u00eb luft\u00ebs, Radovan Karaxhiq dhe Ratko Mlladiq, etj.<\/p>\n<p>P\u00ebrve\u00e7se mb\u00ebshtesin presidentin rus, Vladimir Putin, udh\u00ebheq\u00ebsit e k\u00ebtyre partive kan\u00eb marr\u00ebdh\u00ebnie t\u00eb ngushta politike edhe me presidentin e Serbis\u00eb, Aleksandar Vu\u00e7iq, dhe me presidentin e Republik\u00ebs S\u00ebrpska, Millorad Dodik.<\/p>\n<p>SHBA-ja, n\u00eb disa raste, ka shprehur shqet\u00ebsim p\u00ebr p\u00ebrfshirjen n\u00eb pushtet t\u00eb partive q\u00eb kund\u00ebrshtojn\u00eb vlerat euroatlantike.<\/p>\n<p>Shqet\u00ebsime t\u00eb ngjashme kan\u00eb shprehur edhe institucionet evropiane.<\/p>\n<p>Megjithat\u00eb, Kuvendi i Malit t\u00eb Zi ka zgjedhur Andrija Mandiqin p\u00ebr kryetar n\u00eb fund t\u00eb tetorit t\u00eb vitit 2023. Ai \u00ebsht\u00eb mb\u00ebshtetur edhe nga p\u00ebrfaq\u00ebsuesit e L\u00ebvizjes s\u00eb Spajiqit Evropa Tani.<\/p>\n","protected":false},"excerpt":{"rendered":"<p>Partia proruse, Fronti Demokratik (DF) dhe Partia Boshnjake (BS) kan\u00eb hyr\u00eb n\u00eb Qeverin\u00eb e Malit t\u00eb Zi, pasi Parlamenti votoi m\u00eb 23 korrik p\u00ebr riformatizmin e ekzekutivit. Shtetet e Bashkuara than\u00eb se jan\u00eb t\u00eb shqet\u00ebsuara p\u00ebr p\u00ebrfshirjen e k\u00ebtyre partive n\u00eb Qeveri. Partia proruse do t\u00eb ket\u00eb dy poste t\u00eb z\u00ebvend\u00ebspresidentit dhe do t\u00eb udh\u00ebheq\u00eb [&hellip;]<\/p>\n","protected":false},"author":1,"featured_media":176369,"comment_status":"closed","ping_status":"closed","sticky":false,"template":"","format":"standard","meta":{"footnotes":""},"categories":[5],"tags":[],"class_list":{"0":"post-176368","1":"post","2":"type-post","3":"status-publish","4":"format-standard","5":"has-post-thumbnail","7":"category-lajme"},"_links":{"self":[{"href":"https:\/\/radiostargjilan.com\/web\/wp-json\/wp\/v2\/posts\/176368","targetHints":{"allow":["GET"]}}],"collection":[{"href":"https:\/\/radiostargjilan.com\/web\/wp-json\/wp\/v2\/posts"}],"about":[{"href":"https:\/\/radiostargjilan.com\/web\/wp-json\/wp\/v2\/types\/post"}],"author":[{"embeddable":true,"href":"https:\/\/radiostargjilan.com\/web\/wp-json\/wp\/v2\/users\/1"}],"replies":[{"embeddable":true,"href":"https:\/\/radiostargjilan.com\/web\/wp-json\/wp\/v2\/comments?post=176368"}],"version-history":[{"count":0,"href":"https:\/\/radiostargjilan.com\/web\/wp-json\/wp\/v2\/posts\/176368\/revisions"}],"wp:featuredmedia":[{"embeddable":true,"href":"https:\/\/radiostargjilan.com\/web\/wp-json\/wp\/v2\/media\/176369"}],"wp:attachment":[{"href":"https:\/\/radiostargjilan.com\/web\/wp-json\/wp\/v2\/media?parent=176368"}],"wp:term":[{"taxonomy":"category","embeddable":true,"href":"https:\/\/radiostargjilan.com\/web\/wp-json\/wp\/v2\/categories?post=176368"},{"taxonomy":"post_tag","embeddable":true,"href":"https:\/\/radiostargjilan.com\/web\/wp-json\/wp\/v2\/tags?post=176368"}],"curies":[{"name":"wp","href":"https:\/\/api.w.org\/{rel}","templated":true}]}}