{"id":176427,"date":"2024-07-24T19:56:44","date_gmt":"2024-07-24T17:56:44","guid":{"rendered":"https:\/\/radiostargjilan.com\/web\/?p=176427"},"modified":"2024-07-24T19:56:44","modified_gmt":"2024-07-24T17:56:44","slug":"bislimi-ne-kosove-ka-rene-shkalla-e-papunesise","status":"publish","type":"post","link":"https:\/\/radiostargjilan.com\/web\/bislimi-ne-kosove-ka-rene-shkalla-e-papunesise\/","title":{"rendered":"Bislimi: N\u00eb Kosov\u00eb ka r\u00ebn\u00eb shkalla e papun\u00ebsis\u00eb"},"content":{"rendered":"<p>Z\u00ebvend\u00ebskryeministri i Kosov\u00ebs, Besnik Bislimi, ka deklaruar se shkalla e papun\u00ebsis\u00eb n\u00eb Kosov\u00eb ka pasur r\u00ebnie.<\/p>\n<p>Ai thot\u00eb se kjo \u00ebsht\u00eb v\u00ebrtetuar edhe n\u00eb baz\u00eb t\u00eb statistikave nga ana e Agjencis\u00eb s\u00eb Statistikave t\u00eb Kosov\u00ebs (ASK).<\/p>\n<p>\u2018\u2019N\u00eb t\u00eb dh\u00ebnat m\u00eb t\u00eb fundit t\u00eb publikuara nga ASK-ja, mbi shkall\u00ebn e papun\u00ebsis\u00eb n\u00eb tre mujorin e fundit t\u00eb vitit 2023, konstatohet se ka patur nj\u00eb r\u00ebnie t\u00eb m\u00ebtejme t\u00eb papun\u00ebsis\u00eb nga 11.8% n\u00eb t\u00eb nj\u00ebjt\u00ebn periudh\u00eb t\u00eb vitit paraprak, n\u00eb 10.7%\u2019\u2019, ka th\u00ebn\u00eb Bislimi<\/p>\n<p>M\u00eb tutje Bislimi \u00ebsht\u00eb shprehur se n\u00eb tri vitet e fundit, indikator\u00ebt ekonomik\u00eb kan\u00eb njohur p\u00ebrmir\u00ebsime t\u00eb konsiderueshme dhe rritje t\u00eb shpejt\u00eb.<\/p>\n<p>\u2018M\u00eb shum\u00eb pun\u00ebsim, m\u00eb shum\u00eb zhvillim. Kosova \u00ebsht\u00eb n\u00eb rrug\u00ebn e drejt\u00eb t\u00eb zhvillimit dhe nj\u00eb t\u00eb ardhmeje prosperuese, ka shtuar n\u00eb fund Bislimi.\/Indeksonline\/<\/p>\n","protected":false},"excerpt":{"rendered":"<p>Z\u00ebvend\u00ebskryeministri i Kosov\u00ebs, Besnik Bislimi, ka deklaruar se shkalla e papun\u00ebsis\u00eb n\u00eb Kosov\u00eb ka pasur r\u00ebnie. Ai thot\u00eb se kjo \u00ebsht\u00eb v\u00ebrtetuar edhe n\u00eb baz\u00eb t\u00eb statistikave nga ana e Agjencis\u00eb s\u00eb Statistikave t\u00eb Kosov\u00ebs (ASK). \u2018\u2019N\u00eb t\u00eb dh\u00ebnat m\u00eb t\u00eb fundit t\u00eb publikuara nga ASK-ja, mbi shkall\u00ebn e papun\u00ebsis\u00eb n\u00eb tre mujorin e fundit [&hellip;]<\/p>\n","protected":false},"author":1,"featured_media":176428,"comment_status":"closed","ping_status":"closed","sticky":false,"template":"","format":"standard","meta":{"footnotes":""},"categories":[5],"tags":[],"class_list":{"0":"post-176427","1":"post","2":"type-post","3":"status-publish","4":"format-standard","5":"has-post-thumbnail","7":"category-lajme"},"_links":{"self":[{"href":"https:\/\/radiostargjilan.com\/web\/wp-json\/wp\/v2\/posts\/176427","targetHints":{"allow":["GET"]}}],"collection":[{"href":"https:\/\/radiostargjilan.com\/web\/wp-json\/wp\/v2\/posts"}],"about":[{"href":"https:\/\/radiostargjilan.com\/web\/wp-json\/wp\/v2\/types\/post"}],"author":[{"embeddable":true,"href":"https:\/\/radiostargjilan.com\/web\/wp-json\/wp\/v2\/users\/1"}],"replies":[{"embeddable":true,"href":"https:\/\/radiostargjilan.com\/web\/wp-json\/wp\/v2\/comments?post=176427"}],"version-history":[{"count":0,"href":"https:\/\/radiostargjilan.com\/web\/wp-json\/wp\/v2\/posts\/176427\/revisions"}],"wp:featuredmedia":[{"embeddable":true,"href":"https:\/\/radiostargjilan.com\/web\/wp-json\/wp\/v2\/media\/176428"}],"wp:attachment":[{"href":"https:\/\/radiostargjilan.com\/web\/wp-json\/wp\/v2\/media?parent=176427"}],"wp:term":[{"taxonomy":"category","embeddable":true,"href":"https:\/\/radiostargjilan.com\/web\/wp-json\/wp\/v2\/categories?post=176427"},{"taxonomy":"post_tag","embeddable":true,"href":"https:\/\/radiostargjilan.com\/web\/wp-json\/wp\/v2\/tags?post=176427"}],"curies":[{"name":"wp","href":"https:\/\/api.w.org\/{rel}","templated":true}]}}