{"id":176461,"date":"2024-07-25T13:19:50","date_gmt":"2024-07-25T11:19:50","guid":{"rendered":"https:\/\/radiostargjilan.com\/web\/?p=176461"},"modified":"2024-07-25T13:19:50","modified_gmt":"2024-07-25T11:19:50","slug":"gjilan-babai-raporton-djalin-ne-polici-per-dhune-psikike","status":"publish","type":"post","link":"https:\/\/radiostargjilan.com\/web\/gjilan-babai-raporton-djalin-ne-polici-per-dhune-psikike\/","title":{"rendered":"Gjilan: Babai raporton djalin n\u00eb polici p\u00ebr dhun\u00eb psikike"},"content":{"rendered":"<p>Nj\u00eb burr\u00eb ka njoftuar policin\u00eb, se djali i tij, p\u00ebrdorues i substancave narkotike, ka shkaktuar n\u00eb vazhdim\u00ebsi dhun\u00eb psikike.<\/p>\n<p>Rasti ka ndodhur t\u00eb m\u00ebrkur\u00ebn n\u00eb Gjilan.<\/p>\n<p>Sipas raportit t\u00eb policis\u00eb, i dyshuari \u00ebsht\u00eb arrestuar dhe me vendiim te prokurorit \u00ebsht\u00eb d\u00ebrguar n\u00eb mbajtje.<\/p>\n<p>\u201cGjilan 24.07.2024, 08:00. Ankuesi mashkull kosovar, ka raportuar se djali i tij i dyshuari mashkull kosovar, p\u00ebrdorues i substancave narkotike, n\u00eb vazhdim\u00ebsi shkakton dhun\u00eb psikike. I dyshuari \u00ebsht\u00eb arrestuar dhe me vendim t\u00eb prokurorit \u00ebsht\u00eb d\u00ebrguar n\u00eb mbajtje\u201d, thuhet n\u00eb raport.<\/p>\n","protected":false},"excerpt":{"rendered":"<p>Nj\u00eb burr\u00eb ka njoftuar policin\u00eb, se djali i tij, p\u00ebrdorues i substancave narkotike, ka shkaktuar n\u00eb vazhdim\u00ebsi dhun\u00eb psikike. Rasti ka ndodhur t\u00eb m\u00ebrkur\u00ebn n\u00eb Gjilan. Sipas raportit t\u00eb policis\u00eb, i dyshuari \u00ebsht\u00eb arrestuar dhe me vendiim te prokurorit \u00ebsht\u00eb d\u00ebrguar n\u00eb mbajtje. \u201cGjilan 24.07.2024, 08:00. Ankuesi mashkull kosovar, ka raportuar se djali i tij [&hellip;]<\/p>\n","protected":false},"author":1,"featured_media":175779,"comment_status":"closed","ping_status":"closed","sticky":false,"template":"","format":"standard","meta":{"footnotes":""},"categories":[5],"tags":[],"class_list":{"0":"post-176461","1":"post","2":"type-post","3":"status-publish","4":"format-standard","5":"has-post-thumbnail","7":"category-lajme"},"_links":{"self":[{"href":"https:\/\/radiostargjilan.com\/web\/wp-json\/wp\/v2\/posts\/176461","targetHints":{"allow":["GET"]}}],"collection":[{"href":"https:\/\/radiostargjilan.com\/web\/wp-json\/wp\/v2\/posts"}],"about":[{"href":"https:\/\/radiostargjilan.com\/web\/wp-json\/wp\/v2\/types\/post"}],"author":[{"embeddable":true,"href":"https:\/\/radiostargjilan.com\/web\/wp-json\/wp\/v2\/users\/1"}],"replies":[{"embeddable":true,"href":"https:\/\/radiostargjilan.com\/web\/wp-json\/wp\/v2\/comments?post=176461"}],"version-history":[{"count":0,"href":"https:\/\/radiostargjilan.com\/web\/wp-json\/wp\/v2\/posts\/176461\/revisions"}],"wp:featuredmedia":[{"embeddable":true,"href":"https:\/\/radiostargjilan.com\/web\/wp-json\/wp\/v2\/media\/175779"}],"wp:attachment":[{"href":"https:\/\/radiostargjilan.com\/web\/wp-json\/wp\/v2\/media?parent=176461"}],"wp:term":[{"taxonomy":"category","embeddable":true,"href":"https:\/\/radiostargjilan.com\/web\/wp-json\/wp\/v2\/categories?post=176461"},{"taxonomy":"post_tag","embeddable":true,"href":"https:\/\/radiostargjilan.com\/web\/wp-json\/wp\/v2\/tags?post=176461"}],"curies":[{"name":"wp","href":"https:\/\/api.w.org\/{rel}","templated":true}]}}