{"id":176466,"date":"2024-07-25T14:52:40","date_gmt":"2024-07-25T12:52:40","guid":{"rendered":"https:\/\/radiostargjilan.com\/web\/?p=176466"},"modified":"2024-07-25T14:52:40","modified_gmt":"2024-07-25T12:52:40","slug":"koci-tregon-se-ka-gjetur-vendin-ku-po-mbahet-trupi-i-faton-hajrizit-ne-serbi","status":"publish","type":"post","link":"https:\/\/radiostargjilan.com\/web\/koci-tregon-se-ka-gjetur-vendin-ku-po-mbahet-trupi-i-faton-hajrizit-ne-serbi\/","title":{"rendered":"Koci tregon se ka gjetur vendin ku po mbahet trupi i Faton Hajrizit n\u00eb Serbi"},"content":{"rendered":"<p>Avokati Arianit Koci ka b\u00ebr\u00eb t\u00eb ditur se e ka gjetur vendin se ku po e mbajn\u00eb autoritetet e Serbis\u00eb trupin e pajet\u00eb t\u00eb Faton Hajrizit.<\/p>\n<p>Ai p\u00ebr teve1.info ka treguar se \u00ebsht\u00eb n\u00eb Serbi dhe nuk \u00ebsht\u00eb i shoq\u00ebruar nga askush.<\/p>\n<p>\u201cE kam gjetur vendin se ku po mbahet trupi i pajet\u00eb\u201d, ka th\u00ebn\u00eb shkurt Koci.<\/p>\n<p>Nd\u00ebrkaq, avokati, Arianit Koci \u00ebsht\u00eb i autorizuar si p\u00ebrfaq\u00ebsues i familjes s\u00eb Faton Hajrizit p\u00ebr t\u00eb t\u00ebrhequr trupin e pajet\u00eb t\u00eb t\u00eb ndjerit, Faton Hajrizi.<\/p>\n<p>Ndryshe, dit\u00eb m\u00eb par\u00eb i arratisuri nga burgu i Smrekonic\u00ebs n\u00eb Kosov\u00eb, Faton Hajrizi, \u00ebsht\u00eb raportuar t\u00eb jet\u00eb vrar\u00eb nga autoritetet n\u00eb Serbi.<\/p>\n<p>Hajrizi ka qen\u00eb n\u00eb k\u00ebrkim nga autoritetet serbe, pasi m\u00eb 18 korrik \u00ebsht\u00eb raportuar se e ka vrar\u00eb nj\u00eb zyrtar policor serb dhe e ka plagosur nj\u00eb tjet\u00ebr, gjat\u00eb nj\u00eb kontrolli rutinor n\u00eb Lloznic\u00eb t\u00eb Serbis\u00eb, qytez\u00eb n\u00eb af\u00ebrsi me Bosnje-Hercegovin\u00ebn.\/teve1.info\/<\/p>\n","protected":false},"excerpt":{"rendered":"<p>Avokati Arianit Koci ka b\u00ebr\u00eb t\u00eb ditur se e ka gjetur vendin se ku po e mbajn\u00eb autoritetet e Serbis\u00eb trupin e pajet\u00eb t\u00eb Faton Hajrizit. Ai p\u00ebr teve1.info ka treguar se \u00ebsht\u00eb n\u00eb Serbi dhe nuk \u00ebsht\u00eb i shoq\u00ebruar nga askush. \u201cE kam gjetur vendin se ku po mbahet trupi i pajet\u00eb\u201d, ka th\u00ebn\u00eb [&hellip;]<\/p>\n","protected":false},"author":1,"featured_media":176113,"comment_status":"closed","ping_status":"closed","sticky":false,"template":"","format":"standard","meta":{"footnotes":""},"categories":[5],"tags":[],"class_list":{"0":"post-176466","1":"post","2":"type-post","3":"status-publish","4":"format-standard","5":"has-post-thumbnail","7":"category-lajme"},"_links":{"self":[{"href":"https:\/\/radiostargjilan.com\/web\/wp-json\/wp\/v2\/posts\/176466","targetHints":{"allow":["GET"]}}],"collection":[{"href":"https:\/\/radiostargjilan.com\/web\/wp-json\/wp\/v2\/posts"}],"about":[{"href":"https:\/\/radiostargjilan.com\/web\/wp-json\/wp\/v2\/types\/post"}],"author":[{"embeddable":true,"href":"https:\/\/radiostargjilan.com\/web\/wp-json\/wp\/v2\/users\/1"}],"replies":[{"embeddable":true,"href":"https:\/\/radiostargjilan.com\/web\/wp-json\/wp\/v2\/comments?post=176466"}],"version-history":[{"count":0,"href":"https:\/\/radiostargjilan.com\/web\/wp-json\/wp\/v2\/posts\/176466\/revisions"}],"wp:featuredmedia":[{"embeddable":true,"href":"https:\/\/radiostargjilan.com\/web\/wp-json\/wp\/v2\/media\/176113"}],"wp:attachment":[{"href":"https:\/\/radiostargjilan.com\/web\/wp-json\/wp\/v2\/media?parent=176466"}],"wp:term":[{"taxonomy":"category","embeddable":true,"href":"https:\/\/radiostargjilan.com\/web\/wp-json\/wp\/v2\/categories?post=176466"},{"taxonomy":"post_tag","embeddable":true,"href":"https:\/\/radiostargjilan.com\/web\/wp-json\/wp\/v2\/tags?post=176466"}],"curies":[{"name":"wp","href":"https:\/\/api.w.org\/{rel}","templated":true}]}}