{"id":176468,"date":"2024-07-25T16:07:45","date_gmt":"2024-07-25T14:07:45","guid":{"rendered":"https:\/\/radiostargjilan.com\/web\/?p=176468"},"modified":"2024-07-25T16:07:45","modified_gmt":"2024-07-25T14:07:45","slug":"rruga-gjilan-kllokot-ne-gjendje-te-mjerueshme-i-pari-i-ekzekutivit-merret-me-vizatime-ne-leter","status":"publish","type":"post","link":"https:\/\/radiostargjilan.com\/web\/rruga-gjilan-kllokot-ne-gjendje-te-mjerueshme-i-pari-i-ekzekutivit-merret-me-vizatime-ne-leter\/","title":{"rendered":"Rruga Gjilan-Kllokot n\u00eb gjendje t\u00eb mjerueshme, i pari i ekzekutivit merret me vizatime n\u00eb let\u00ebr"},"content":{"rendered":"<p>N\u00eb vazhd\u00ebn e konferencave t\u00eb p\u00ebrjavshme t\u00eb paraqitjes s\u00eb shqet\u00ebsimeve t\u00eb Deg\u00ebs dhe qytetar\u00ebve tan\u00eb, sot n\u00eb em\u00ebr t\u00eb LDK-s\u00eb para medieve i ka adresuar shqet\u00ebsimet an\u00ebtari i Kuvendit Komunal, nj\u00ebher\u00ebsh an\u00ebtar i Kryesis\u00eb, .z Rijad Elezi. <\/p>\n<p>Ai paraqiti problemin e kat\u00ebrt t\u00eb identifikuar nga 101 problemet q\u00eb do t\u00eb paraqiten me radh\u00eb. <\/p>\n<p>\u201cKy projekt infrastrukturor i rrug\u00ebs Gjilan-Kllokot, filluar m\u00eb par\u00eb, jo vet\u00ebm q\u00eb nuk u p\u00ebrfundua tash e tri vite, por edhe puna e b\u00ebr\u00eb shihet jo-cil\u00ebsore, si\u00e7 thot\u00eb populli \u201cshkel e shko\u201d. Nuk mund t\u00eb flasim p\u00ebr pun\u00eb t\u00eb mira, kur pas 4 muajsh t\u00eb shtrimit t\u00eb rrug\u00ebs, filluan gropat e m\u00ebdha e problemet e panum\u00ebrta n\u00eb qarkullim t\u00eb qytetar\u00ebve. Kjo paraqet v\u00ebshtir\u00ebsi p\u00ebr bizneset e k\u00ebsaj ane, udh\u00ebtar\u00ebt q\u00eb frekuentojn\u00eb k\u00ebt\u00eb rrug\u00eb shpesh e gjithashtu p\u00ebr banor\u00ebt e zon\u00ebs. E duke qen\u00eb se i pari i ekzekutivit prioritet i ka vizatimet e projekteve n\u00eb let\u00ebr, po e neglizhon pa fije turpi edhe p\u00ebrfundimin e k\u00ebtij projekti jetik p\u00ebr qytetar\u00ebt tan\u00eb. Qytetar\u00ebt nuk duan vizatime, qytetar\u00ebt duan projekte t\u00eb realizueshme-, tha Elezi para medieve. <\/p>\n<p>Gjilani meriton m\u00eb shum\u00eb! <\/p>\n<p>Gjilani meriton m\u00eb mir\u00eb!<\/p>\n","protected":false},"excerpt":{"rendered":"<p>N\u00eb vazhd\u00ebn e konferencave t\u00eb p\u00ebrjavshme t\u00eb paraqitjes s\u00eb shqet\u00ebsimeve t\u00eb Deg\u00ebs dhe qytetar\u00ebve tan\u00eb, sot n\u00eb em\u00ebr t\u00eb LDK-s\u00eb para medieve i ka adresuar shqet\u00ebsimet an\u00ebtari i Kuvendit Komunal, nj\u00ebher\u00ebsh an\u00ebtar i Kryesis\u00eb, .z Rijad Elezi. Ai paraqiti problemin e kat\u00ebrt t\u00eb identifikuar nga 101 problemet q\u00eb do t\u00eb paraqiten me radh\u00eb. \u201cKy projekt [&hellip;]<\/p>\n","protected":false},"author":1,"featured_media":176469,"comment_status":"closed","ping_status":"closed","sticky":false,"template":"","format":"standard","meta":{"footnotes":""},"categories":[5],"tags":[],"class_list":{"0":"post-176468","1":"post","2":"type-post","3":"status-publish","4":"format-standard","5":"has-post-thumbnail","7":"category-lajme"},"_links":{"self":[{"href":"https:\/\/radiostargjilan.com\/web\/wp-json\/wp\/v2\/posts\/176468","targetHints":{"allow":["GET"]}}],"collection":[{"href":"https:\/\/radiostargjilan.com\/web\/wp-json\/wp\/v2\/posts"}],"about":[{"href":"https:\/\/radiostargjilan.com\/web\/wp-json\/wp\/v2\/types\/post"}],"author":[{"embeddable":true,"href":"https:\/\/radiostargjilan.com\/web\/wp-json\/wp\/v2\/users\/1"}],"replies":[{"embeddable":true,"href":"https:\/\/radiostargjilan.com\/web\/wp-json\/wp\/v2\/comments?post=176468"}],"version-history":[{"count":0,"href":"https:\/\/radiostargjilan.com\/web\/wp-json\/wp\/v2\/posts\/176468\/revisions"}],"wp:featuredmedia":[{"embeddable":true,"href":"https:\/\/radiostargjilan.com\/web\/wp-json\/wp\/v2\/media\/176469"}],"wp:attachment":[{"href":"https:\/\/radiostargjilan.com\/web\/wp-json\/wp\/v2\/media?parent=176468"}],"wp:term":[{"taxonomy":"category","embeddable":true,"href":"https:\/\/radiostargjilan.com\/web\/wp-json\/wp\/v2\/categories?post=176468"},{"taxonomy":"post_tag","embeddable":true,"href":"https:\/\/radiostargjilan.com\/web\/wp-json\/wp\/v2\/tags?post=176468"}],"curies":[{"name":"wp","href":"https:\/\/api.w.org\/{rel}","templated":true}]}}