{"id":176563,"date":"2024-07-26T17:35:08","date_gmt":"2024-07-26T15:35:08","guid":{"rendered":"https:\/\/radiostargjilan.com\/web\/?p=176563"},"modified":"2024-07-26T17:35:08","modified_gmt":"2024-07-26T15:35:08","slug":"dy-pakica-dy-standarde","status":"publish","type":"post","link":"https:\/\/radiostargjilan.com\/web\/dy-pakica-dy-standarde\/","title":{"rendered":"Dy pakica, dy standarde"},"content":{"rendered":"<p>Shkruan: Refik HASANI<\/p>\n<p>Pakica Serbe e Kosov\u00ebs, me dokumenta ilegale t\u00eb l\u00ebshuara nga institucione paralele t\u00eb Republik\u00ebs s\u00eb Serbis\u00eb,do t\u00eb l\u00ebvizin pa viza n\u00eb  BE, kurse  shqiptar\u00ebt n\u00eb Preshev\u00eb, Medvegj\u00eb, Bujanoc po  diskriminohen duke  u pasivizuar adresat si nj\u00eb pastrim etnik.<\/p>\n<p>M\u00eb dat\u00ebn 22 t\u00eb k\u00ebtij muaji,K\u00ebshilli Evropian ka marr\u00eb vendim p\u00ebr liberalizimin e vizave p\u00ebr qytetar\u00ebt q\u00eb mbajn\u00eb pasaporta serbe t\u00eb l\u00ebshuara nga ashtuquajtura ,,Drejtoria Koordinuese e Serbis\u00eb\u2019\u2019. <\/p>\n<p>Serbia ende i mban funksionale institucionet paralele, gjat\u00eb gjith\u00eb koh\u00ebs edhe pas dat\u00ebs 10 qershor t\u00eb vitit 1999, ka l\u00ebshuar dokumenta, e t\u00eb cil\u00ebt edhe pse ilegal, poseduesit e k\u00ebtyre dokumenteve do t\u00eb l\u00ebvizin pa viza n\u00eb BE. <\/p>\n<p>N\u00eb k\u00ebt\u00eb rast pakic\u00ebn Serbe n\u00eb Kosov\u00eb, askush nuk i ka penguar q\u00eb t\u00eb pajisen me dokumenta t\u00eb Republik\u00ebs s\u00eb Kosov\u00ebs, dhe nuk kan dashur t\u00eb pranojn realitetin e ri, p\u00ebr t\u00eb pranuar Republik\u00ebn e Kosov\u00ebs. <\/p>\n<p>Kurse, shqiptar\u00ebt si nj\u00eb pakic\u00eb autoktone n\u00eb trojet e veta etnike, n\u00eb Preshev\u00eb, Medvegj\u00eb, Bujanoc e me shtrirje gjith\u00eb andej Serbis\u00eb, po p\u00ebrballen me nj\u00eb t\u00eb ashtuquajtur pasivizim i adresave q\u00eb ka nj\u00eb q\u00ebllim dhe objektiv-p\u00ebr pastrim etnik, nj\u00eb diskriminim i llojit t\u00eb vet\u00eb.<\/p>\n<p>Pasivizimi i adresave \u00ebsht\u00eb, cenim, mohim i s\u00eb drejt\u00ebs elementare individuale dhe kolektive nj\u00eb diskriminim, \u00ebsht\u00eb kund\u00ebr standardeve dhe konventave t\u00eb BE-s\u00eb dhe akteve tjera q\u00eb jan\u00eb t\u00eb garantuara edhe me kart\u00ebn e OKB-s\u00eb. <\/p>\n<p>Deri m\u00eb tani jan t\u00eb pasivizuar mbi 15 mij\u00eb qytetar\u00eb shqiptar\u00eb, q\u00eb jan shtetas t\u00eb Serbis\u00eb me vendbanim n\u00eb Preshev\u00eb, Medvegj\u00eb, Bujanoc e gjith\u00eb andej Serbis\u00eb. <\/p>\n<p>Pakica Serbe e Kosov\u00ebs,nuk e ka pranuar Republik\u00ebn e Kosov\u00ebs, dhe illegal,ishgt jan pajisuar me dokmeta t\u00eb institucioneve parale t\u00eb Serbis\u00eb, e q\u00eb t\u00eb njjajta,nga pardje edhe jan ,,legalizuar\u2019\u2019, nga BE-ja. <\/p>\n<p>Kurse, shqiptar\u00ebt si nj\u00eb pakic\u00eb autoktone n\u00eb trojet e veta etnike, n\u00eb Preshev\u00eb, Medvegj\u00eb, Bujanoc e me shtrirje gjith\u00eb andej Serbis\u00eb,  mbet\u00ebn  ashtu duke mos u pajisur dhe ligj\u00ebrisht, sepse  jan t\u00eb pasivizuar, q\u00ebndrojn pa dokumenta, t\u00eb vendit ku kan lindur e kan krijuar pasuri.<\/p>\n<p>Q\u00eb nga data 22.07.2024, pakica Serbe e Kosov\u00ebs, me dokumenta ilegale t\u00eb l\u00ebshuara nga institucione paralele t\u00eb ashtuquajtur ,,Drejtoria Koordinuese e Serbis\u00eb\u2019\u2019, do t\u00eb l\u00ebvizin pa viza n\u00eb BE, kurse shqiptar\u00ebt n\u00eb Preshev\u00eb, Medvegj\u00eb, Bujanoc po  vazhdojn t\u00eb diskriminohen duke ju pasivizuar adresat si nj\u00eb pastrim etnik.<\/p>\n<p>K\u00ebto jan dy standarde,t\u00eb ndjekura p\u00ebr dy shtete fqinj\u00eb, si q\u00eb \u00ebsht\u00eb Kosova dhe Serbia.<\/p>\n<p>Ilegalja n\u00eb Kosov\u00eb, legalizohet nga BE-ja pasi gjith\u00eb dokementet e l\u00ebshuara nga e ashtu quajtura  ,,Drejtoria Koordinuese e Serbis\u00eb&#8221;, pranohen.<\/p>\n","protected":false},"excerpt":{"rendered":"<p>Shkruan: Refik HASANI Pakica Serbe e Kosov\u00ebs, me dokumenta ilegale t\u00eb l\u00ebshuara nga institucione paralele t\u00eb Republik\u00ebs s\u00eb Serbis\u00eb,do t\u00eb l\u00ebvizin pa viza n\u00eb BE, kurse shqiptar\u00ebt n\u00eb Preshev\u00eb, Medvegj\u00eb, Bujanoc po diskriminohen duke u pasivizuar adresat si nj\u00eb pastrim etnik. M\u00eb dat\u00ebn 22 t\u00eb k\u00ebtij muaji,K\u00ebshilli Evropian ka marr\u00eb vendim p\u00ebr liberalizimin e vizave [&hellip;]<\/p>\n","protected":false},"author":1,"featured_media":176564,"comment_status":"closed","ping_status":"closed","sticky":false,"template":"","format":"standard","meta":{"footnotes":""},"categories":[6],"tags":[],"class_list":{"0":"post-176563","1":"post","2":"type-post","3":"status-publish","4":"format-standard","5":"has-post-thumbnail","7":"category-opinion"},"_links":{"self":[{"href":"https:\/\/radiostargjilan.com\/web\/wp-json\/wp\/v2\/posts\/176563","targetHints":{"allow":["GET"]}}],"collection":[{"href":"https:\/\/radiostargjilan.com\/web\/wp-json\/wp\/v2\/posts"}],"about":[{"href":"https:\/\/radiostargjilan.com\/web\/wp-json\/wp\/v2\/types\/post"}],"author":[{"embeddable":true,"href":"https:\/\/radiostargjilan.com\/web\/wp-json\/wp\/v2\/users\/1"}],"replies":[{"embeddable":true,"href":"https:\/\/radiostargjilan.com\/web\/wp-json\/wp\/v2\/comments?post=176563"}],"version-history":[{"count":0,"href":"https:\/\/radiostargjilan.com\/web\/wp-json\/wp\/v2\/posts\/176563\/revisions"}],"wp:featuredmedia":[{"embeddable":true,"href":"https:\/\/radiostargjilan.com\/web\/wp-json\/wp\/v2\/media\/176564"}],"wp:attachment":[{"href":"https:\/\/radiostargjilan.com\/web\/wp-json\/wp\/v2\/media?parent=176563"}],"wp:term":[{"taxonomy":"category","embeddable":true,"href":"https:\/\/radiostargjilan.com\/web\/wp-json\/wp\/v2\/categories?post=176563"},{"taxonomy":"post_tag","embeddable":true,"href":"https:\/\/radiostargjilan.com\/web\/wp-json\/wp\/v2\/tags?post=176563"}],"curies":[{"name":"wp","href":"https:\/\/api.w.org\/{rel}","templated":true}]}}