{"id":176854,"date":"2024-07-30T17:47:50","date_gmt":"2024-07-30T15:47:50","guid":{"rendered":"https:\/\/radiostargjilan.com\/web\/?p=176854"},"modified":"2024-07-30T17:47:50","modified_gmt":"2024-07-30T15:47:50","slug":"kru-hidromorava-mban-takimin-e-shtate-diskutohet-per-performancen-e-kompanise-dhe-furnizimin-e-rregullt-te-konsumatoreve-me-uje","status":"publish","type":"post","link":"https:\/\/radiostargjilan.com\/web\/kru-hidromorava-mban-takimin-e-shtate-diskutohet-per-performancen-e-kompanise-dhe-furnizimin-e-rregullt-te-konsumatoreve-me-uje\/","title":{"rendered":"KRU \u201cHIDROMORAVA\u201d, mban takimin e shtat\u00eb, diskutohet p\u00ebr p\u00ebrformanc\u00ebn e Kompanis\u00eb dhe furnizimin e rregullt t\u00eb konsumator\u00ebve me uj\u00eb"},"content":{"rendered":"<p>M\u00eb 30.07.2024 Bordi i Drejtor\u00ebve i KRU \u201cHidromorava\u201d mbajti takimin e shtat\u00eb  (VII-t\u00eb) t\u00eb rregullt p\u00ebr k\u00ebt\u00eb vit dhe s\u00eb bashku me Menaxhmentin e Kompanis\u00eb u diskutua performanca e Kompanis\u00eb dhe furnizimi i rregullt i konsumator\u00ebve me uj\u00eb \ud83d\udeb0.  <\/p>\n<p>N\u00eb takim ishte prezent edhe  z. Adem Ahmetaj &#8211; Analist p\u00ebr Monitorimin e Nd\u00ebrmarrjeve Publike &#8211; NJPMNP &#8211; Ministria e Ekonomis\u00eb, i cili shprehu gatishm\u00ebrin\u00eb p\u00ebr bashk\u00ebpunimin e NJPMNP lidhur me projektet aktuale dhe ato n\u00eb vijim.<\/p>\n<p>Nd\u00ebr t\u00eb tjera, pas analizave dhe diskutimeve Bordi i drejtor\u00ebve unanimisht aprovoi:<\/p>\n<p>o Raportin e muajit qershor 2024;<\/p>\n<p>o Rregulloren p\u00ebr P\u00ebrdorimin e Automjeteve Zyrtare n\u00eb KRU &#8220;Hidromorava&#8221; Sh.A.;<\/p>\n<p>\u25cb Rishikimi i Planit t\u00eb Biznesit p\u00ebr periudh\u00ebn 2024-2026;<\/p>\n<p>N\u00eb mbledhje gjithashtu \u00ebsht\u00eb diskutuar p\u00ebr masat\/aktivitetet t\u00eb cilat po nd\u00ebrmerren nga Kompania p\u00ebr uljen e UPF &#8211; s\u00eb si dhe u vendos q\u00eb t\u00eb vazhdohet me p\u00ebrmir\u00ebsimin e efikasitetit dhe cil\u00ebsis\u00eb s\u00eb sh\u00ebrbimeve t\u00eb Kompanis\u00eb edhe gjat\u00eb muajve t\u00eb ver\u00ebs si dhe realizimin e suksessh\u00ebm t\u00eb projekteve investive t\u00eb planifikuara p\u00ebr vitin 2024. \ud83d\udcc8<\/p>\n","protected":false},"excerpt":{"rendered":"<p>M\u00eb 30.07.2024 Bordi i Drejtor\u00ebve i KRU \u201cHidromorava\u201d mbajti takimin e shtat\u00eb (VII-t\u00eb) t\u00eb rregullt p\u00ebr k\u00ebt\u00eb vit dhe s\u00eb bashku me Menaxhmentin e Kompanis\u00eb u diskutua performanca e Kompanis\u00eb dhe furnizimi i rregullt i konsumator\u00ebve me uj\u00eb \ud83d\udeb0. N\u00eb takim ishte prezent edhe z. Adem Ahmetaj &#8211; Analist p\u00ebr Monitorimin e Nd\u00ebrmarrjeve Publike &#8211; [&hellip;]<\/p>\n","protected":false},"author":1,"featured_media":176855,"comment_status":"closed","ping_status":"closed","sticky":false,"template":"","format":"standard","meta":{"footnotes":""},"categories":[5],"tags":[],"class_list":{"0":"post-176854","1":"post","2":"type-post","3":"status-publish","4":"format-standard","5":"has-post-thumbnail","7":"category-lajme"},"_links":{"self":[{"href":"https:\/\/radiostargjilan.com\/web\/wp-json\/wp\/v2\/posts\/176854","targetHints":{"allow":["GET"]}}],"collection":[{"href":"https:\/\/radiostargjilan.com\/web\/wp-json\/wp\/v2\/posts"}],"about":[{"href":"https:\/\/radiostargjilan.com\/web\/wp-json\/wp\/v2\/types\/post"}],"author":[{"embeddable":true,"href":"https:\/\/radiostargjilan.com\/web\/wp-json\/wp\/v2\/users\/1"}],"replies":[{"embeddable":true,"href":"https:\/\/radiostargjilan.com\/web\/wp-json\/wp\/v2\/comments?post=176854"}],"version-history":[{"count":0,"href":"https:\/\/radiostargjilan.com\/web\/wp-json\/wp\/v2\/posts\/176854\/revisions"}],"wp:featuredmedia":[{"embeddable":true,"href":"https:\/\/radiostargjilan.com\/web\/wp-json\/wp\/v2\/media\/176855"}],"wp:attachment":[{"href":"https:\/\/radiostargjilan.com\/web\/wp-json\/wp\/v2\/media?parent=176854"}],"wp:term":[{"taxonomy":"category","embeddable":true,"href":"https:\/\/radiostargjilan.com\/web\/wp-json\/wp\/v2\/categories?post=176854"},{"taxonomy":"post_tag","embeddable":true,"href":"https:\/\/radiostargjilan.com\/web\/wp-json\/wp\/v2\/tags?post=176854"}],"curies":[{"name":"wp","href":"https:\/\/api.w.org\/{rel}","templated":true}]}}