{"id":176933,"date":"2024-07-31T21:19:56","date_gmt":"2024-07-31T19:19:56","guid":{"rendered":"https:\/\/radiostargjilan.com\/web\/?p=176933"},"modified":"2024-07-31T21:19:56","modified_gmt":"2024-07-31T19:19:56","slug":"ma-kish-cu-ndonje-sinjal-nese-do-ishte-gjalle-koci-tregon-se-cka-i-tha-nena-e-faton-hajrizit","status":"publish","type":"post","link":"https:\/\/radiostargjilan.com\/web\/ma-kish-cu-ndonje-sinjal-nese-do-ishte-gjalle-koci-tregon-se-cka-i-tha-nena-e-faton-hajrizit\/","title":{"rendered":"\u201cMa kish \u00e7u ndonj\u00eb sinjal n\u00ebse do ishte gjall\u00eb\u201d, Koci tregon se \u00e7ka i tha n\u00ebna e Faton Hajrizit"},"content":{"rendered":"<p>Avokati Arianit Koci ka deklaruar se detyra e tij \u00ebsht\u00eb t\u00eb rikthej\u00eb trupin e Faton Hajrizit n\u00eb Kosov\u00eb, e jo identifikimi. Ai ka ndar\u00eb nj\u00eb bised\u00eb me n\u00ebn\u00ebn e Fatonit, e cila beson se djali i saj do t\u00eb kishte d\u00ebrguar nj\u00eb informat\u00eb n\u00ebse do t\u00eb ishte gjall\u00eb.<\/p>\n<p>&nbsp;<\/p>\n<p>Koci ka ndar\u00eb detaje nga biseda me n\u00ebn\u00ebn e Faton Hajrizit, teksa ka komentuar spekulimet rreth mund\u00ebsis\u00eb q\u00eb Hajrizi t\u00eb jet\u00eb ende gjall\u00eb.<\/p>\n<p>N\u00eb nj\u00eb intervist\u00eb n\u00eb \u201cFIVE\u201d t\u00eb Dukagjinit, Koci ka treguar se n\u00ebna e Fatonit i ka th\u00ebn\u00eb se, po t\u00eb ishte gjall\u00eb, djali i saj do t\u00eb kishte b\u00ebr\u00eb gjith\u00e7ka p\u00ebr t\u2019i d\u00ebrguar nj\u00eb informat\u00eb q\u00eb \u00ebsht\u00eb mir\u00eb.<\/p>\n<p>\u201cSa e njoh djalin, kish b\u00eb \u00e7mos m\u00eb ma \u00e7u nj\u00eb informat\u00eb q\u00eb jam gjall\u00eb\u201d, ka th\u00ebn\u00eb ajo, sipas Kocit.<\/p>\n<div class=\"code-block code-block-7\"><ins id=\"revive-0-5\" data-revive-zoneid=\"218\" data-revive-id=\"6d10792d7a3e9a00328e01545b0215e5\" data-revive-seq=\"5\" data-revive-loaded=\"1\"><\/p>\n<div id=\"beacon_828f3622bc\"><img loading=\"lazy\" loading=\"lazy\" decoding=\"async\" src=\"https:\/\/ads2.indeksonline.net\/www\/delivery\/lg.php?bannerid=0&amp;campaignid=0&amp;zoneid=218&amp;loc=https%3A%2F%2Findeksonline.net%2Fma-kish-cu-ndonje-sinjal-nese-do-ishte-gjalle-koci-tregon-se-cka-i-tha-nena-e-faton-hajrizit%2F&amp;referer=https%3A%2F%2Findeksonline.net%2Flajme%2F&amp;cb=828f3622bc\" alt=\"\" width=\"0\" height=\"0\" \/><\/div>\n<p><\/ins><\/div>\n<p>\u201cK\u00ebto spekulimet sa po e rrisni m\u00ebrzin\u00eb dhe ankthin te familja\u201d, ka th\u00ebn\u00eb Koci.<\/p>\n","protected":false},"excerpt":{"rendered":"<p>Avokati Arianit Koci ka deklaruar se detyra e tij \u00ebsht\u00eb t\u00eb rikthej\u00eb trupin e Faton Hajrizit n\u00eb Kosov\u00eb, e jo identifikimi. Ai ka ndar\u00eb nj\u00eb bised\u00eb me n\u00ebn\u00ebn e Fatonit, e cila beson se djali i saj do t\u00eb kishte d\u00ebrguar nj\u00eb informat\u00eb n\u00ebse do t\u00eb ishte gjall\u00eb. &nbsp; Koci ka ndar\u00eb detaje nga biseda [&hellip;]<\/p>\n","protected":false},"author":1,"featured_media":176934,"comment_status":"closed","ping_status":"closed","sticky":false,"template":"","format":"standard","meta":{"footnotes":""},"categories":[5],"tags":[],"class_list":{"0":"post-176933","1":"post","2":"type-post","3":"status-publish","4":"format-standard","5":"has-post-thumbnail","7":"category-lajme"},"_links":{"self":[{"href":"https:\/\/radiostargjilan.com\/web\/wp-json\/wp\/v2\/posts\/176933","targetHints":{"allow":["GET"]}}],"collection":[{"href":"https:\/\/radiostargjilan.com\/web\/wp-json\/wp\/v2\/posts"}],"about":[{"href":"https:\/\/radiostargjilan.com\/web\/wp-json\/wp\/v2\/types\/post"}],"author":[{"embeddable":true,"href":"https:\/\/radiostargjilan.com\/web\/wp-json\/wp\/v2\/users\/1"}],"replies":[{"embeddable":true,"href":"https:\/\/radiostargjilan.com\/web\/wp-json\/wp\/v2\/comments?post=176933"}],"version-history":[{"count":0,"href":"https:\/\/radiostargjilan.com\/web\/wp-json\/wp\/v2\/posts\/176933\/revisions"}],"wp:featuredmedia":[{"embeddable":true,"href":"https:\/\/radiostargjilan.com\/web\/wp-json\/wp\/v2\/media\/176934"}],"wp:attachment":[{"href":"https:\/\/radiostargjilan.com\/web\/wp-json\/wp\/v2\/media?parent=176933"}],"wp:term":[{"taxonomy":"category","embeddable":true,"href":"https:\/\/radiostargjilan.com\/web\/wp-json\/wp\/v2\/categories?post=176933"},{"taxonomy":"post_tag","embeddable":true,"href":"https:\/\/radiostargjilan.com\/web\/wp-json\/wp\/v2\/tags?post=176933"}],"curies":[{"name":"wp","href":"https:\/\/api.w.org\/{rel}","templated":true}]}}