{"id":177311,"date":"2024-08-05T20:26:36","date_gmt":"2024-08-05T18:26:36","guid":{"rendered":"https:\/\/radiostargjilan.com\/web\/?p=177311"},"modified":"2024-08-05T20:26:36","modified_gmt":"2024-08-05T18:26:36","slug":"faton-klinaku-veteranet-nuk-kane-se-cfare-kerkojne-neper-serbi","status":"publish","type":"post","link":"https:\/\/radiostargjilan.com\/web\/faton-klinaku-veteranet-nuk-kane-se-cfare-kerkojne-neper-serbi\/","title":{"rendered":"Faton Klinaku: Veteran\u00ebt nuk kan\u00eb se \u00e7far\u00eb k\u00ebrkojn\u00eb n\u00ebp\u00ebr Serbi"},"content":{"rendered":"<p>Faton Klinaku: Veteran\u00ebt nuk kan\u00eb se \u00e7far\u00eb k\u00ebrkojn\u00eb n\u00ebp\u00ebr Serbi<\/p>\n<p>\u201cThirrja ime vazhdimisht p\u00ebr veteran\u00ebt \u00ebsht\u00eb q\u00eb nuk b\u00ebn m\u00eb kalu n\u00ebp\u00ebr Serbi, nuk b\u00ebn me kalu n\u00eb shtetet sllave apo n\u00eb vendet q\u00eb e konsiderojn\u00eb mik Serbin\u00eb. Sa i p\u00ebrket Shqip\u00ebris\u00eb, nuk kan\u00eb nevoj\u00eb t\u00eb frik\u00ebsohen hi\u00e7, pasi e din\u00eb q\u00eb Shqip\u00ebria nuk e ekstradon ask\u00ebnd. Thirrja ime ka qen\u00eb, veteran\u00ebt e luft\u00ebs nuk kan\u00eb se \u00e7far\u00eb k\u00ebrkojn\u00eb n\u00ebp\u00ebr Serbi, sepse ata vazhdimisht po i ndjekin, por edhe rreziku tashm\u00eb \u00ebsht\u00eb edhe n\u00eb Maqedoni t\u00eb Veriut, Mal t\u00eb Zi, pra n\u00eb shtetet mike t\u00eb Serbis\u00eb,\u201d u shpreh ai p\u00ebr Telegrafin.<\/p>\n<p>Nd\u00ebrkaq, sa i p\u00ebrket kosovar\u00ebve q\u00eb Serbia po i ndalon dhe po i mban n\u00eb burg, Klinaku tha se qytetar\u00ebt q\u00eb po ndalohen nuk kan\u00eb qen\u00eb as t\u00eb p\u00ebrfshir\u00eb n\u00eb luft\u00eb.<\/p>\n<p>\u201cAa persona q\u00eb po i mbajn\u00eb n\u00eb paraburgim nuk jan\u00eb veteran\u00eb t\u00eb luft\u00ebs, dhe njer\u00ebzit kan\u00eb qen\u00eb n\u00eb Gjermani dhe nuk kan\u00eb fare t\u00eb b\u00ebjn\u00eb me luft\u00eb, por edhe vet\u00eb familjar\u00ebt e tyre kan\u00eb treguar k\u00ebt\u00eb\u201d, theksoi ai.<\/p>\n<p>Sipas Klinakut, n\u00eb k\u00ebto raste duhet t\u00eb ket\u00eb reagim edhe nga nd\u00ebrkomb\u00ebtar\u00ebt, pasi q\u00eb Serbia nuk mund t\u00eb ndjek\u00eb ask\u00ebnd.<\/p>\n<p>Mes tjerash, Klinaku shtoi se p\u00ebr \u00e7do gj\u00eb q\u00eb ka ndodhur n\u00eb Kosov\u00eb ka p\u00ebrfunduar me Tribunalin e Hag\u00ebs, ku \u00ebsht\u00eb th\u00ebn\u00eb q\u00eb shtetet ve\u00e7 e ve\u00e7 duhet t\u00eb ndjekin ata q\u00eb kan\u00eb b\u00ebr\u00eb krime lufte.<\/p>\n<p>Ai po ashtu shtoi se n\u00ebse ndonj\u00eb shqiptar ka b\u00ebr\u00eb ndonj\u00eb gj\u00eb, at\u00ebher\u00eb ata duhet t\u00eb ndiqen vet\u00ebm nga Gjykatat e Kosov\u00ebs.<\/p>\n<p>Si p\u00ebrfundim, Klinaku tha se \u201cp\u00ebrndjekjet q\u00eb po i b\u00ebn Serbia jan\u00eb kund\u00ebrligjshme, ndaj tyre nuk pritet mir\u00eb dhe ne i konsiderojm\u00eb pushtues\u201d.<\/p>\n","protected":false},"excerpt":{"rendered":"<p>Faton Klinaku: Veteran\u00ebt nuk kan\u00eb se \u00e7far\u00eb k\u00ebrkojn\u00eb n\u00ebp\u00ebr Serbi \u201cThirrja ime vazhdimisht p\u00ebr veteran\u00ebt \u00ebsht\u00eb q\u00eb nuk b\u00ebn m\u00eb kalu n\u00ebp\u00ebr Serbi, nuk b\u00ebn me kalu n\u00eb shtetet sllave apo n\u00eb vendet q\u00eb e konsiderojn\u00eb mik Serbin\u00eb. Sa i p\u00ebrket Shqip\u00ebris\u00eb, nuk kan\u00eb nevoj\u00eb t\u00eb frik\u00ebsohen hi\u00e7, pasi e din\u00eb q\u00eb Shqip\u00ebria nuk e [&hellip;]<\/p>\n","protected":false},"author":1,"featured_media":177312,"comment_status":"closed","ping_status":"closed","sticky":false,"template":"","format":"standard","meta":{"footnotes":""},"categories":[5],"tags":[],"class_list":{"0":"post-177311","1":"post","2":"type-post","3":"status-publish","4":"format-standard","5":"has-post-thumbnail","7":"category-lajme"},"_links":{"self":[{"href":"https:\/\/radiostargjilan.com\/web\/wp-json\/wp\/v2\/posts\/177311","targetHints":{"allow":["GET"]}}],"collection":[{"href":"https:\/\/radiostargjilan.com\/web\/wp-json\/wp\/v2\/posts"}],"about":[{"href":"https:\/\/radiostargjilan.com\/web\/wp-json\/wp\/v2\/types\/post"}],"author":[{"embeddable":true,"href":"https:\/\/radiostargjilan.com\/web\/wp-json\/wp\/v2\/users\/1"}],"replies":[{"embeddable":true,"href":"https:\/\/radiostargjilan.com\/web\/wp-json\/wp\/v2\/comments?post=177311"}],"version-history":[{"count":0,"href":"https:\/\/radiostargjilan.com\/web\/wp-json\/wp\/v2\/posts\/177311\/revisions"}],"wp:featuredmedia":[{"embeddable":true,"href":"https:\/\/radiostargjilan.com\/web\/wp-json\/wp\/v2\/media\/177312"}],"wp:attachment":[{"href":"https:\/\/radiostargjilan.com\/web\/wp-json\/wp\/v2\/media?parent=177311"}],"wp:term":[{"taxonomy":"category","embeddable":true,"href":"https:\/\/radiostargjilan.com\/web\/wp-json\/wp\/v2\/categories?post=177311"},{"taxonomy":"post_tag","embeddable":true,"href":"https:\/\/radiostargjilan.com\/web\/wp-json\/wp\/v2\/tags?post=177311"}],"curies":[{"name":"wp","href":"https:\/\/api.w.org\/{rel}","templated":true}]}}