{"id":17766,"date":"2018-06-06T08:16:38","date_gmt":"2018-06-06T08:16:38","guid":{"rendered":"http:\/\/radiostargjilan.com\/web\/?p=17766"},"modified":"2018-06-06T08:16:38","modified_gmt":"2018-06-06T08:16:38","slug":"e-kryer-ja-per-sa-vite-ka-nenshkruar-kontraten-betim-haxhimusa-te-skuadra-e-drites","status":"publish","type":"post","link":"https:\/\/radiostargjilan.com\/web\/e-kryer-ja-per-sa-vite-ka-nenshkruar-kontraten-betim-haxhimusa-te-skuadra-e-drites\/","title":{"rendered":"E kryer: Ja p\u00ebr sa vite ka n\u00ebnshkruar kontraten Betim Haxhimusa te skuadra e Drit\u00ebs?"},"content":{"rendered":"<p>Nj\u00eb nga futbollist\u00ebt m\u00eb t\u00eb p\u00ebrfolur n\u00eb k\u00ebt\u00eb afat kalimtar padyshim q\u00eb sht\u00eb Betim Haxhimusa.<br \/>\nFerizajasi brenda k\u00ebtyre dit\u00ebve pritet t\u00eb prezantohet si futbollist i ri i skuadr\u00ebs s\u00eb Drit\u00ebs, ku\u00a0\u00ebsht\u00eb transferuar nga skuadra rivale lokal\u00eb, Gjilani.<br \/>\nFutbollikosovar.com, m\u00ebson se Haxhimusa ka n\u00ebnshkruar kontrat tri vje\u00e7are me skuadren e Drit\u00ebs dhe prezantimi i tij n\u00eb fanellen \u2018bardh\u00ebekalt\u00ebrt\u2019,\u00a0\u00ebsht\u00eb vet\u00ebm q\u00ebshtje dit\u00ebsh.<\/p>\n","protected":false},"excerpt":{"rendered":"<p>Nj\u00eb nga futbollist\u00ebt m\u00eb t\u00eb p\u00ebrfolur n\u00eb k\u00ebt\u00eb afat kalimtar padyshim q\u00eb sht\u00eb Betim Haxhimusa. Ferizajasi brenda k\u00ebtyre dit\u00ebve pritet t\u00eb prezantohet si futbollist i ri i skuadr\u00ebs s\u00eb Drit\u00ebs, ku\u00a0\u00ebsht\u00eb transferuar nga skuadra rivale lokal\u00eb, Gjilani. Futbollikosovar.com, m\u00ebson se Haxhimusa ka n\u00ebnshkruar kontrat tri vje\u00e7are me skuadren e Drit\u00ebs dhe prezantimi i tij n\u00eb [&hellip;]<\/p>\n","protected":false},"author":1,"featured_media":17685,"comment_status":"closed","ping_status":"closed","sticky":false,"template":"","format":"standard","meta":{"footnotes":""},"categories":[5],"tags":[],"class_list":{"0":"post-17766","1":"post","2":"type-post","3":"status-publish","4":"format-standard","5":"has-post-thumbnail","7":"category-lajme"},"_links":{"self":[{"href":"https:\/\/radiostargjilan.com\/web\/wp-json\/wp\/v2\/posts\/17766","targetHints":{"allow":["GET"]}}],"collection":[{"href":"https:\/\/radiostargjilan.com\/web\/wp-json\/wp\/v2\/posts"}],"about":[{"href":"https:\/\/radiostargjilan.com\/web\/wp-json\/wp\/v2\/types\/post"}],"author":[{"embeddable":true,"href":"https:\/\/radiostargjilan.com\/web\/wp-json\/wp\/v2\/users\/1"}],"replies":[{"embeddable":true,"href":"https:\/\/radiostargjilan.com\/web\/wp-json\/wp\/v2\/comments?post=17766"}],"version-history":[{"count":0,"href":"https:\/\/radiostargjilan.com\/web\/wp-json\/wp\/v2\/posts\/17766\/revisions"}],"wp:featuredmedia":[{"embeddable":true,"href":"https:\/\/radiostargjilan.com\/web\/wp-json\/wp\/v2\/media\/17685"}],"wp:attachment":[{"href":"https:\/\/radiostargjilan.com\/web\/wp-json\/wp\/v2\/media?parent=17766"}],"wp:term":[{"taxonomy":"category","embeddable":true,"href":"https:\/\/radiostargjilan.com\/web\/wp-json\/wp\/v2\/categories?post=17766"},{"taxonomy":"post_tag","embeddable":true,"href":"https:\/\/radiostargjilan.com\/web\/wp-json\/wp\/v2\/tags?post=17766"}],"curies":[{"name":"wp","href":"https:\/\/api.w.org\/{rel}","templated":true}]}}