{"id":177953,"date":"2024-08-12T21:49:55","date_gmt":"2024-08-12T19:49:55","guid":{"rendered":"https:\/\/radiostargjilan.com\/web\/?p=177953"},"modified":"2024-08-12T21:50:34","modified_gmt":"2024-08-12T19:50:34","slug":"drita-nuk-shkon-e-vetme-ne-prishtine-intelektualet-paralajmerojne-udhetim-masiv","status":"publish","type":"post","link":"https:\/\/radiostargjilan.com\/web\/drita-nuk-shkon-e-vetme-ne-prishtine-intelektualet-paralajmerojne-udhetim-masiv\/","title":{"rendered":"Drita nuk shkon e vetme n\u00eb Prishtin\u00eb, \u201cIntelektual\u00ebt\u201d paralajm\u00ebrojn\u00eb udh\u00ebtim masiv"},"content":{"rendered":"<p>Drita t\u00eb ejt\u00ebn do ta zhvilloj\u00eb ndeshjen kthyese n\u00eb kuad\u00ebr t\u00eb Conference League ndaj Auda, ku n\u00eb ndeshj\u00ebn e par\u00eb ekipi nga Malta sh\u00ebnoi fitore minimale 1 me 0.<\/p>\n<p>Ekipi q\u00eb tanim\u00eb po drejtohet nga trajneri Zekirija Ramadani t\u00eb enjten do ta k\u00ebrkoi t\u00eb marr\u00eb fitore ndaj Aud\u00ebs dhe t\u00eb kualifikohet tutje, FC Drita do t\u00eb ket\u00eb nj\u00eb ndihm\u00eb shtes\u00eb pasi \u201cIntelektual\u00ebt\u201d, do t\u00eb udh\u00ebtojn\u00eb drejt Prishtin\u00ebs p\u00ebr t\u00eb p\u00ebrkrahur ekipin e tyre.<\/p>\n<p>P\u00ebrmes nj\u00eb njoftimi ata kan\u00eb treguar se do t\u00eb jen\u00eb prezent n\u00eb stadium, duke ftuar gjith\u00eb sportdash\u00ebsit t\u00eb marrin pjes\u00eb n\u00eb k\u00ebt\u00eb organizim, n\u00eb dit\u00ebt n\u00eb vijim do t\u00eb njoftojn\u00eb p\u00ebr koh\u00ebn dhe gjitha detajet t\u00eb tjera.<\/p>\n<p>Njoftimi:<\/p>\n<p>T\u00eb enjten udhtojm\u00eb drejt Prishtin\u00ebs, ftojm\u00eb t\u00eb gjith\u00eb antar\u00ebt ti bashkangjiten udh\u00ebtimit!<\/p>\n<p>P\u00ebr detajet , or\u00ebn dhe vendin e nisjes do dalim me njoftim t\u00eb dyt\u00eb!<\/p>\n","protected":false},"excerpt":{"rendered":"<p>Drita t\u00eb ejt\u00ebn do ta zhvilloj\u00eb ndeshjen kthyese n\u00eb kuad\u00ebr t\u00eb Conference League ndaj Auda, ku n\u00eb ndeshj\u00ebn e par\u00eb ekipi nga Malta sh\u00ebnoi fitore minimale 1 me 0. Ekipi q\u00eb tanim\u00eb po drejtohet nga trajneri Zekirija Ramadani t\u00eb enjten do ta k\u00ebrkoi t\u00eb marr\u00eb fitore ndaj Aud\u00ebs dhe t\u00eb kualifikohet tutje, FC Drita do [&hellip;]<\/p>\n","protected":false},"author":1,"featured_media":177955,"comment_status":"closed","ping_status":"closed","sticky":false,"template":"","format":"standard","meta":{"footnotes":""},"categories":[7],"tags":[],"class_list":{"0":"post-177953","1":"post","2":"type-post","3":"status-publish","4":"format-standard","5":"has-post-thumbnail","7":"category-sports"},"_links":{"self":[{"href":"https:\/\/radiostargjilan.com\/web\/wp-json\/wp\/v2\/posts\/177953","targetHints":{"allow":["GET"]}}],"collection":[{"href":"https:\/\/radiostargjilan.com\/web\/wp-json\/wp\/v2\/posts"}],"about":[{"href":"https:\/\/radiostargjilan.com\/web\/wp-json\/wp\/v2\/types\/post"}],"author":[{"embeddable":true,"href":"https:\/\/radiostargjilan.com\/web\/wp-json\/wp\/v2\/users\/1"}],"replies":[{"embeddable":true,"href":"https:\/\/radiostargjilan.com\/web\/wp-json\/wp\/v2\/comments?post=177953"}],"version-history":[{"count":0,"href":"https:\/\/radiostargjilan.com\/web\/wp-json\/wp\/v2\/posts\/177953\/revisions"}],"wp:featuredmedia":[{"embeddable":true,"href":"https:\/\/radiostargjilan.com\/web\/wp-json\/wp\/v2\/media\/177955"}],"wp:attachment":[{"href":"https:\/\/radiostargjilan.com\/web\/wp-json\/wp\/v2\/media?parent=177953"}],"wp:term":[{"taxonomy":"category","embeddable":true,"href":"https:\/\/radiostargjilan.com\/web\/wp-json\/wp\/v2\/categories?post=177953"},{"taxonomy":"post_tag","embeddable":true,"href":"https:\/\/radiostargjilan.com\/web\/wp-json\/wp\/v2\/tags?post=177953"}],"curies":[{"name":"wp","href":"https:\/\/api.w.org\/{rel}","templated":true}]}}