{"id":177960,"date":"2024-08-12T23:37:56","date_gmt":"2024-08-12T21:37:56","guid":{"rendered":"https:\/\/radiostargjilan.com\/web\/?p=177960"},"modified":"2024-08-12T23:37:56","modified_gmt":"2024-08-12T21:37:56","slug":"ka-nderruar-jete-basri-zejnullahu-ish-sekretar-ne-gjimnazin-zenel-hajdini-dhe-ish-shef-i-inspektoriatit-per-pune-ne-rajonin-e-gjilanit","status":"publish","type":"post","link":"https:\/\/radiostargjilan.com\/web\/ka-nderruar-jete-basri-zejnullahu-ish-sekretar-ne-gjimnazin-zenel-hajdini-dhe-ish-shef-i-inspektoriatit-per-pune-ne-rajonin-e-gjilanit\/","title":{"rendered":"Ka nd\u00ebrruar jet\u00eb Basri Zejnullahu, ish-sekretar n\u00eb Gjimnazin \u201cZenel Hajdini\u201d dhe ish- shef i Inspektoriatit p\u00ebr Pun\u00eb n\u00eb Rajonin e Gjilanit"},"content":{"rendered":"<p>Pas nj\u00eb s\u00ebmundje t\u00eb shkurt\u00ebr, n\u00eb mosh\u00ebn 66-vje\u00e7are ka nd\u00ebrruar jet\u00eb Basri Zejnullahu, ish-sekretar n\u00eb Gjimnazin \u201cZenel Hajdini\u201d dhe ish- shef i Inspektoriatit p\u00ebr Pun\u00eb n\u00eb Rajonin e Gjilanit.<\/p>\n<p>Lajmin e kan\u00eb b\u00ebr\u00eb t\u00eb ditur familjar\u00eb t\u00eb t\u00eb ndjerit p\u00ebrmes nj\u00eb njoftimi, t\u00eb cil\u00ebt kan\u00eb njoftuar se varrimi i t\u00eb ndjerit  do t\u00eb b\u00ebhet m\u00eb 13 gusht 2024 me namaz t\u00eb ikindis\u00eb n\u00eb Varrezat e Qytetit n\u00eb Gjilan.<\/p>\n<p>Basri Zejnullahu, n\u00eb koh\u00ebt m\u00eb t\u00eb v\u00ebshtira p\u00ebr arsimin shqip n\u00eb vitet e 90-ta ka punuar sekretar i Gjimnazit \u201cZenel Hajdini\u201d n\u00eb Gjilan, duke u shquar me pun\u00ebn e tij t\u00eb palodhshme dhe duke dh\u00ebn\u00eb nj\u00eb kontribut t\u00eb \u00e7muesh\u00ebm n\u00eb mbijetes\u00ebn e arsimit n\u00eb gjuh\u00ebn shqipe. Ai e mbajti k\u00ebt\u00eb pozit\u00eb deri pas p\u00ebrfundimit t\u00eb luft\u00ebs, p\u00ebr t\u00eb kaluar m\u00eb pas n\u00eb pozit\u00ebn e inspektorit rajonal t\u00eb pun\u00ebs deri n\u00eb vitin e kaluar, kur edhe ishte pensionuar.<\/p>\n<p>Basri Zejnullahu u lind me 15.05.1958 n\u00eb Gjilan. Shkoll\u00ebn fillore dhe at\u00eb t\u00eb mesme ka kryer n\u00eb qytetin e tij, kurse Fakultetin Juridik e kreu Prishtin\u00eb.<\/p>\n<p>Zejnullahu m\u00eb pas u pun\u00ebsua n\u00eb kombinatin e tekstilit n\u00eb \u201cIntegj\u201d n\u00eb Gjilan p\u00ebr nj\u00eb vit, kurse nga viti 1993 deri n\u00eb vitin 2004, mori pozit\u00ebn si sekretar i shkoll\u00ebs n\u00eb Gjimnazin \u201cZenel Hajdini\u201d n\u00eb Gjilan e nga viti 2004 deri 2023 edhe ku u pensionua morri pozit\u00ebn e Inspektorit t\u00eb Pun\u00ebs, duke punuar af\u00ebr 13 viteve, aty ishte edhe si udh\u00ebheq\u00ebs p\u00ebr koordinim Rajonal n\u00eb kuad\u00ebr t\u00eb Inspektoratit t\u00eb Pun\u00ebs. \/kryelajmi.com\/.<\/p>\n","protected":false},"excerpt":{"rendered":"<p>Pas nj\u00eb s\u00ebmundje t\u00eb shkurt\u00ebr, n\u00eb mosh\u00ebn 66-vje\u00e7are ka nd\u00ebrruar jet\u00eb Basri Zejnullahu, ish-sekretar n\u00eb Gjimnazin \u201cZenel Hajdini\u201d dhe ish- shef i Inspektoriatit p\u00ebr Pun\u00eb n\u00eb Rajonin e Gjilanit. Lajmin e kan\u00eb b\u00ebr\u00eb t\u00eb ditur familjar\u00eb t\u00eb t\u00eb ndjerit p\u00ebrmes nj\u00eb njoftimi, t\u00eb cil\u00ebt kan\u00eb njoftuar se varrimi i t\u00eb ndjerit do t\u00eb b\u00ebhet m\u00eb [&hellip;]<\/p>\n","protected":false},"author":1,"featured_media":177961,"comment_status":"closed","ping_status":"closed","sticky":false,"template":"","format":"standard","meta":{"footnotes":""},"categories":[5],"tags":[],"class_list":{"0":"post-177960","1":"post","2":"type-post","3":"status-publish","4":"format-standard","5":"has-post-thumbnail","7":"category-lajme"},"_links":{"self":[{"href":"https:\/\/radiostargjilan.com\/web\/wp-json\/wp\/v2\/posts\/177960","targetHints":{"allow":["GET"]}}],"collection":[{"href":"https:\/\/radiostargjilan.com\/web\/wp-json\/wp\/v2\/posts"}],"about":[{"href":"https:\/\/radiostargjilan.com\/web\/wp-json\/wp\/v2\/types\/post"}],"author":[{"embeddable":true,"href":"https:\/\/radiostargjilan.com\/web\/wp-json\/wp\/v2\/users\/1"}],"replies":[{"embeddable":true,"href":"https:\/\/radiostargjilan.com\/web\/wp-json\/wp\/v2\/comments?post=177960"}],"version-history":[{"count":0,"href":"https:\/\/radiostargjilan.com\/web\/wp-json\/wp\/v2\/posts\/177960\/revisions"}],"wp:featuredmedia":[{"embeddable":true,"href":"https:\/\/radiostargjilan.com\/web\/wp-json\/wp\/v2\/media\/177961"}],"wp:attachment":[{"href":"https:\/\/radiostargjilan.com\/web\/wp-json\/wp\/v2\/media?parent=177960"}],"wp:term":[{"taxonomy":"category","embeddable":true,"href":"https:\/\/radiostargjilan.com\/web\/wp-json\/wp\/v2\/categories?post=177960"},{"taxonomy":"post_tag","embeddable":true,"href":"https:\/\/radiostargjilan.com\/web\/wp-json\/wp\/v2\/tags?post=177960"}],"curies":[{"name":"wp","href":"https:\/\/api.w.org\/{rel}","templated":true}]}}