{"id":17944,"date":"2018-06-08T10:28:26","date_gmt":"2018-06-08T10:28:26","guid":{"rendered":"http:\/\/radiostargjilan.com\/web\/?p=17944"},"modified":"2018-06-08T10:28:26","modified_gmt":"2018-06-08T10:28:26","slug":"kalaja-e-novoberdes-perla-e-trashegimise-kulturore-e-anamoraves","status":"publish","type":"post","link":"https:\/\/radiostargjilan.com\/web\/kalaja-e-novoberdes-perla-e-trashegimise-kulturore-e-anamoraves\/","title":{"rendered":"Kalaja e Novob\u00ebrd\u00ebs, perla e trash\u00ebgimis\u00eb kulturore e Anamorav\u00ebs"},"content":{"rendered":"<p>Kalaja e Novob\u00ebrd\u00ebs \u00ebsht\u00eb nj\u00ebri nd\u00ebr objektet m\u00eb me vler\u00eb t\u00eb trash\u00ebgimis\u00eb kulturore n\u00eb rajonin e Gjilanit, i cili daton nga koh\u00ebt e lashta.<br \/>\nArtan Hoxha, drejtor n\u00eb Qendr\u00ebn Rajonale p\u00ebr Trash\u00ebgimi Kulturore n\u00eb Gjilan, thekson se\u00a0kalaja ka pasur funksion t\u00eb mbrojtjes gjat\u00eb periudhave t\u00eb ndryshme, nd\u00ebrsa supozimet teorike p\u00ebr vjet\u00ebrsin\u00eb e kalas\u00eb jan\u00eb endur midis mesjet\u00ebs dhe antikitetit. Ajo \u00ebsht\u00eb e ngritur n\u00eb nj\u00eb kodrin\u00eb strategjike q\u00eb vrojton terrenin dhe t\u00eb gjitha kalat\u00eb tjera m\u00eb t\u00eb vogla, t\u00eb kthyera nga ajo p\u00ebr t\u00eb marr\u00eb e kthyer sinjalet komunikuese. Nd\u00ebrtimi i takon tipit fortifikat\u00eb dhe p\u00ebrb\u00ebhet nga dy pjes\u00eb t\u00eb ashtuquajtura: Kalaja e Sip\u00ebrme dhe Kalaja e Poshtme. Kalaja e Sip\u00ebrme ka gjasht\u00eb kulla: kulla lindore dhe per\u00ebndimore kan\u00eb baz\u00eb drejtk\u00ebnd\u00ebshe, kurse t\u00eb tjerat baz\u00eb katrore dhe ka nj\u00eb sip\u00ebrfaqe rreth 0.05 hektar\u00eb.<br \/>\nKalaja e Sip\u00ebrme ka qasje vet\u00ebm nga pjesa lindore. Nga pjes\u00ebt tjera pjerrt\u00ebsia e kodr\u00ebs \u00ebsht\u00eb shum\u00eb e rr\u00ebpir\u00ebt n\u00eb drejtim t\u00eb lugin\u00ebs. N\u00eb pjes\u00ebn lindore terreni ngrihet gradualisht dhe kalon n\u00eb nj\u00eb kod\u00ebr tjet\u00ebr m\u00eb t\u00eb vog\u00ebl n\u00eb platen\u00eb e ep\u00ebrme, n\u00ebn t\u00eb cil\u00ebn gjenden rr\u00ebnojat e nj\u00eb kishe t\u00eb madhe mesjetare t\u00eb tipit katedrale.<br \/>\nAi thekson se kjo kala \u00ebsht\u00eb shum\u00eb me r\u00ebnd\u00ebsi p\u00ebr trash\u00ebgimin\u00eb ton\u00eb kulturore, kurse s\u00eb fundmi kan\u00eb filluar punimet n\u00eb restaurimin e kalas\u00eb.<\/p>\n<p>Bajrush Ymeri, n\u00ebnkryetar i Komun\u00ebs s\u00eb Novob\u00ebrd\u00ebs, ka th\u00ebn\u00eb se shum\u00eb shpejt do t\u00eb p\u00ebrfundoj\u00eb restaurimi i kalas\u00eb dhe se vizitor\u00ebt do t\u00eb ken\u00eb \u00e7far\u00eb t\u00eb shohin.<br \/>\nK\u00ebsaj kalaje vizit\u00eb i ka b\u00ebr\u00eb edhe\u00a0Besart Dreshajt, k\u00ebshilltar n\u00eb Qeverin\u00eb e Kosov\u00ebs.<br \/>\n\u00a0\u201cLokaliteti arkeologjik i Kalas\u00eb s\u00eb Novob\u00ebrd\u00ebs p\u00ebrfaq\u00ebson nj\u00eb nga asetet m\u00eb t\u00eb ve\u00e7anta t\u00eb trash\u00ebgimis\u00eb kulturore t\u00eb Kosov\u00ebs dhe qytetar\u00ebve t\u00eb saj. Ky qytet antik flet p\u00ebr qytet\u00ebrimin e lasht\u00eb t\u00eb paraardh\u00ebsve tan\u00eb dhe meriton t\u00eb ruhet e t\u00eb \u00e7mohet nga t\u00eb gjith\u00eb\u201d, ka theksuar Bajrush Ymeri, sipas t\u00eb cilit punimet jan\u00eb duke u zhvilluar dhe se ai personalisht \u00ebsht\u00eb angazhuar p\u00ebr k\u00ebt\u00eb projekt dhe ajo q\u00eb po ndodh tani aty \u00ebsht\u00eb rezultat i takimit t\u00eb tij me Christof Stock, shef i operacioneve n\u00eb Zyr\u00ebn e Komisionit Evropian n\u00eb Kosov\u00eb.<br \/>\n\u00a0\u201cS\u00eb bashku me zotin Stock dhe zotin Alan Packer vizituam kalan\u00eb. P\u00ebrderisa un\u00eb ia shpjegoja historin\u00eb e Kalas\u00eb s\u00eb\u00a0Novob\u00ebrd\u00ebs, Stock m\u00eb premtoi q\u00eb do t\u00eb m\u00eb ndihmonte rreth k\u00ebtij projekti. M\u00eb vjen mir\u00eb q\u00eb sot pun\u00ebt jan\u00eb duke u zhvilluar dhe ky projekt mjaft jetik p\u00ebr ne dhe turizmin rural \u00ebsht\u00eb duke u realizuar\u201d, ka th\u00ebn\u00eb Ymeri, q\u00eb shpreson se ky projekt do t\u00eb p\u00ebrfundoj\u00eb shpejt dhe Kalaja e\u00a0Novob\u00ebrd\u00ebs\u00a0m\u00eb n\u00eb fund do ta merr pamjen e merituar.<\/p>\n<p><iframe loading=\"lazy\" width=\"640\" height=\"360\" src=\"https:\/\/www.youtube.com\/embed\/oywy3JMI1dM\" frameborder=\"0\" allow=\"autoplay; encrypted-media\" allowfullscreen><\/iframe><\/p>\n","protected":false},"excerpt":{"rendered":"<p>Kalaja e Novob\u00ebrd\u00ebs \u00ebsht\u00eb nj\u00ebri nd\u00ebr objektet m\u00eb me vler\u00eb t\u00eb trash\u00ebgimis\u00eb kulturore n\u00eb rajonin e Gjilanit, i cili daton nga koh\u00ebt e lashta. Artan Hoxha, drejtor n\u00eb Qendr\u00ebn Rajonale p\u00ebr Trash\u00ebgimi Kulturore n\u00eb Gjilan, thekson se\u00a0kalaja ka pasur funksion t\u00eb mbrojtjes gjat\u00eb periudhave t\u00eb ndryshme, nd\u00ebrsa supozimet teorike p\u00ebr vjet\u00ebrsin\u00eb e kalas\u00eb jan\u00eb endur [&hellip;]<\/p>\n","protected":false},"author":1,"featured_media":17943,"comment_status":"closed","ping_status":"closed","sticky":false,"template":"","format":"standard","meta":{"footnotes":""},"categories":[5],"tags":[],"class_list":{"0":"post-17944","1":"post","2":"type-post","3":"status-publish","4":"format-standard","5":"has-post-thumbnail","7":"category-lajme"},"_links":{"self":[{"href":"https:\/\/radiostargjilan.com\/web\/wp-json\/wp\/v2\/posts\/17944","targetHints":{"allow":["GET"]}}],"collection":[{"href":"https:\/\/radiostargjilan.com\/web\/wp-json\/wp\/v2\/posts"}],"about":[{"href":"https:\/\/radiostargjilan.com\/web\/wp-json\/wp\/v2\/types\/post"}],"author":[{"embeddable":true,"href":"https:\/\/radiostargjilan.com\/web\/wp-json\/wp\/v2\/users\/1"}],"replies":[{"embeddable":true,"href":"https:\/\/radiostargjilan.com\/web\/wp-json\/wp\/v2\/comments?post=17944"}],"version-history":[{"count":0,"href":"https:\/\/radiostargjilan.com\/web\/wp-json\/wp\/v2\/posts\/17944\/revisions"}],"wp:featuredmedia":[{"embeddable":true,"href":"https:\/\/radiostargjilan.com\/web\/wp-json\/wp\/v2\/media\/17943"}],"wp:attachment":[{"href":"https:\/\/radiostargjilan.com\/web\/wp-json\/wp\/v2\/media?parent=17944"}],"wp:term":[{"taxonomy":"category","embeddable":true,"href":"https:\/\/radiostargjilan.com\/web\/wp-json\/wp\/v2\/categories?post=17944"},{"taxonomy":"post_tag","embeddable":true,"href":"https:\/\/radiostargjilan.com\/web\/wp-json\/wp\/v2\/tags?post=17944"}],"curies":[{"name":"wp","href":"https:\/\/api.w.org\/{rel}","templated":true}]}}