{"id":17951,"date":"2018-06-08T11:51:07","date_gmt":"2018-06-08T11:51:07","guid":{"rendered":"http:\/\/radiostargjilan.com\/web\/?p=17951"},"modified":"2018-06-08T11:51:07","modified_gmt":"2018-06-08T11:51:07","slug":"ukz-me-tryeze-per-pilot-projektin-klasa-e-i-v-qasja-me-mesimdhenes-lendor","status":"publish","type":"post","link":"https:\/\/radiostargjilan.com\/web\/ukz-me-tryeze-per-pilot-projektin-klasa-e-i-v-qasja-me-mesimdhenes-lendor\/","title":{"rendered":"UKZ me tryez\u00eb p\u00ebr pilot projektin \u201cKlasa e I-V, qasja me m\u00ebsimdh\u00ebn\u00ebs l\u00ebndor\u201d"},"content":{"rendered":"<p>Universiteti \u201cKadri Zeka\u201d n\u00eb Gjilan, n\u00eb bashk\u00ebpunim me GIZ-CDBE ( Zhvillimi i Kapaciteteve n\u00eb Arsimin Baz\u00eb), do t\u00eb organizoj\u00eb Tryez\u00ebn Debatuese me tem\u00eb \u201cFillimi i implementimit t\u00eb Pilot Projektit: Klasa e I-V, qasja me m\u00ebsimdh\u00ebn\u00ebs l\u00ebndor\u201d n\u00eb dy shkollat fillore \u201cSelami Hallaqi\u201d dhe \u201cThimi Mitko\u201d n\u00eb Gjilan.<br \/>\nTryeza do t\u00eb mbahet m\u00eb 12 Qershor 2018 ora 10:00 n\u00eb Universitetin \u201cKadri Zeka\u201d, Salla A34.<br \/>\nP\u00ebrndryshe, sipas p\u00ebrfaq\u00ebsuesve t\u00eb Universitetit, kjo tryez\u00eb debatuese mbahet si rezultat i dy tryezave paraprake dhe bashk\u00ebpunimit n\u00eb mes t\u00eb UKZ-s\u00eb dhe GIZ, t\u00eb cilat kan\u00eb zgjuar kureshtjen e t\u00eb gjith\u00ebve se nx\u00ebn\u00ebsit e shkollave fillore do t\u00eb duhej t\u00eb ken\u00eb nj\u00eb m\u00ebsues p\u00ebr t\u00eb gjitha l\u00ebnd\u00ebt, apo t\u00eb ken\u00eb m\u00ebsues t\u00eb ndrysh\u00ebm.<\/p>\n<p>Qasja e till\u00eb do t\u00eb n\u00ebnkuptonte q\u00eb m\u00ebsimdh\u00ebn\u00ebsit e tanish\u00ebm apo ata t\u00eb rinj do t\u00eb p\u00ebrgatiteshin p\u00ebr m\u00ebsimdh\u00ebnie n\u00eb l\u00ebnd\u00eb t\u00eb ve\u00e7anta p\u00ebr nivelin fillor.<\/p>\n<p>Diskutimi n\u00eb k\u00ebt\u00eb tryez\u00eb synon q\u00eb t\u00eb stimuloj\u00eb nj\u00eb diskutim t\u00eb p\u00ebrgjithsh\u00ebm mbi k\u00ebt\u00eb qasje dhe t\u00eb mund\u00ebsoj\u00eb shk\u00ebmbim idesh dhe p\u00ebrvojash t\u00eb cilat do t\u00eb kontribuonin n\u00eb zhvillimin e politikave n\u00eb nivel lokal dhe nacional.<\/p>\n","protected":false},"excerpt":{"rendered":"<p>Universiteti \u201cKadri Zeka\u201d n\u00eb Gjilan, n\u00eb bashk\u00ebpunim me GIZ-CDBE ( Zhvillimi i Kapaciteteve n\u00eb Arsimin Baz\u00eb), do t\u00eb organizoj\u00eb Tryez\u00ebn Debatuese me tem\u00eb \u201cFillimi i implementimit t\u00eb Pilot Projektit: Klasa e I-V, qasja me m\u00ebsimdh\u00ebn\u00ebs l\u00ebndor\u201d n\u00eb dy shkollat fillore \u201cSelami Hallaqi\u201d dhe \u201cThimi Mitko\u201d n\u00eb Gjilan. Tryeza do t\u00eb mbahet m\u00eb 12 Qershor 2018 [&hellip;]<\/p>\n","protected":false},"author":1,"featured_media":17952,"comment_status":"closed","ping_status":"closed","sticky":false,"template":"","format":"standard","meta":{"footnotes":""},"categories":[5],"tags":[],"class_list":{"0":"post-17951","1":"post","2":"type-post","3":"status-publish","4":"format-standard","5":"has-post-thumbnail","7":"category-lajme"},"_links":{"self":[{"href":"https:\/\/radiostargjilan.com\/web\/wp-json\/wp\/v2\/posts\/17951","targetHints":{"allow":["GET"]}}],"collection":[{"href":"https:\/\/radiostargjilan.com\/web\/wp-json\/wp\/v2\/posts"}],"about":[{"href":"https:\/\/radiostargjilan.com\/web\/wp-json\/wp\/v2\/types\/post"}],"author":[{"embeddable":true,"href":"https:\/\/radiostargjilan.com\/web\/wp-json\/wp\/v2\/users\/1"}],"replies":[{"embeddable":true,"href":"https:\/\/radiostargjilan.com\/web\/wp-json\/wp\/v2\/comments?post=17951"}],"version-history":[{"count":0,"href":"https:\/\/radiostargjilan.com\/web\/wp-json\/wp\/v2\/posts\/17951\/revisions"}],"wp:featuredmedia":[{"embeddable":true,"href":"https:\/\/radiostargjilan.com\/web\/wp-json\/wp\/v2\/media\/17952"}],"wp:attachment":[{"href":"https:\/\/radiostargjilan.com\/web\/wp-json\/wp\/v2\/media?parent=17951"}],"wp:term":[{"taxonomy":"category","embeddable":true,"href":"https:\/\/radiostargjilan.com\/web\/wp-json\/wp\/v2\/categories?post=17951"},{"taxonomy":"post_tag","embeddable":true,"href":"https:\/\/radiostargjilan.com\/web\/wp-json\/wp\/v2\/tags?post=17951"}],"curies":[{"name":"wp","href":"https:\/\/api.w.org\/{rel}","templated":true}]}}