{"id":180460,"date":"2024-09-12T22:10:47","date_gmt":"2024-09-12T20:10:47","guid":{"rendered":"https:\/\/radiostargjilan.com\/web\/?p=180460"},"modified":"2024-09-12T22:13:54","modified_gmt":"2024-09-12T20:13:54","slug":"ilir-tahiri-shteti-ndan-miliona-euro-per-pensionistet-qe-jetojne-ne-serbi-ua-ndalon-familjareve-te-ish-ushtareve-te-uck-se","status":"publish","type":"post","link":"https:\/\/radiostargjilan.com\/web\/ilir-tahiri-shteti-ndan-miliona-euro-per-pensionistet-qe-jetojne-ne-serbi-ua-ndalon-familjareve-te-ish-ushtareve-te-uck-se\/","title":{"rendered":"Ilir Tahiri: Shteti ndan miliona euro p\u00ebr pensionist\u00ebt q\u00eb jetojn\u00eb n\u00eb Serbi, nd\u00ebrsa familjet e d\u00ebshmor\u00ebve dhe veteran\u00ebt e U\u00c7K-s\u00eb nuk mund t\u00eb g\u00ebzojn\u00eb dy pensione"},"content":{"rendered":"<p>Ilir Tahiri, aktivist dhe antar i PDK-s\u00eb n\u00eb Gjilan, ka shkruar se milionat e buxhetit t\u00eb Kosov\u00ebs \u00e7do vit jepen p\u00ebr pensionist\u00ebt q\u00eb nuk jetojn\u00eb n\u00eb Kosov\u00eb, ai ka shkruar se \u00e7do dit\u00eb shoh p\u00ebrfitues t\u00eb cil\u00ebt vijn\u00eb nga Serbia p\u00ebr t\u2019u lajm\u00ebruar q\u00eb jan\u00eb gjall\u00eb dhe lajm\u00ebrohen n\u00eb Entin Pensional n\u00eb Gjilan.<\/p>\n<p>Ky \u00ebsht\u00eb shkrimi i plot\u00eb\ud83d\udc47<\/p>\n<p>Miliona euro \u00e7do vit nga buxheti i Kosov\u00ebs jepen p\u00ebr pensionist\u00ebt t\u00eb cil\u00ebt nuk jetojn\u00eb n\u00eb Kosov\u00eb.<\/p>\n<p>Paragrafi 1.14 i nenit 2 t\u00eb ligjit p\u00ebr skemat pensionale ua ndalon t\u00eb p\u00ebrfitojn\u00eb nga kjo skem\u00eb atyre q\u00eb gjat\u00eb 12 muajve nuk q\u00ebndrojn\u00eb n\u00eb Kosov\u00eb 183 dit\u00eb.<\/p>\n<p>Un\u00eb \u00e7do dit\u00eb shoh &#8220;qytetar\u00eb&#8221; p\u00ebrfitues t\u00eb cil\u00ebt vijn\u00eb nga Serbia p\u00ebr t&#8217;u lajm\u00ebruar q\u00eb jan\u00eb gjall\u00eb n\u00eb zyrat e Entit Pensional n\u00eb Gjilan.<\/p>\n<p>Nga kjo skem\u00eb p\u00ebrfitojn\u00eb edhe ish-polic\u00eb dhe ish-oficer\u00eb q\u00eb kan\u00eb sh\u00ebrbyer dhe jetuar n\u00eb Kosov\u00eb, t\u00eb cil\u00ebt pas luft\u00ebs jetojn\u00eb n\u00eb Serbi. P\u00ebr k\u00ebta &#8220;veteran\u00eb&#8221; t\u00eb luft\u00ebs, p\u00ebrfitues t\u00eb skem\u00ebs pensionale, asnj\u00ebher\u00eb nuk \u00ebsht\u00eb b\u00ebr\u00eb zhurm\u00eb as n\u00eb rrjetet sociale, as n\u00eb debate televizive, dhe as n\u00eb parlamentin e Kosov\u00ebs.<\/p>\n<p>N\u00ebse ligji parashikon q\u00eb k\u00ebsaj kategorie t\u00eb p\u00ebrfituesve nuk u lejohet p\u00ebrfitimi i pensioneve, nuk e di ku q\u00ebndron problemi q\u00eb k\u00ebtyre nuk u nd\u00ebrpriten pensionet.<\/p>\n<p>Qeveria ka vendosur q\u00eb familjet e d\u00ebshmor\u00ebve dhe veteran\u00ebt e U\u00c7K-s\u00eb nuk mund t\u00eb g\u00ebzojn\u00eb dy pensione, shkelje t\u00eb cil\u00ebn e ka v\u00ebrtetuar edhe Gjykata Kushtetuese. P\u00ebr k\u00ebt\u00eb shkelje kushtetuese nuk \u00ebsht\u00eb b\u00ebr\u00eb zhurm\u00eb asnj\u00ebher\u00eb. <\/p>\n<p>Kjo kategori vazhdon t\u00eb mos i g\u00ebzoj\u00eb pensionet q\u00eb u takojn\u00eb, nd\u00ebrsa n\u00eb an\u00ebn tjet\u00ebr miliona euro jepen p\u00ebr ata q\u00eb gjat\u00eb 365 dit\u00ebve t\u00eb vitit q\u00ebndrojn\u00eb n\u00eb Kosov\u00eb nga 2 deri n\u00eb 50 dit\u00eb.<\/p>\n","protected":false},"excerpt":{"rendered":"<p>Ilir Tahiri, aktivist dhe antar i PDK-s\u00eb n\u00eb Gjilan, ka shkruar se milionat e buxhetit t\u00eb Kosov\u00ebs \u00e7do vit jepen p\u00ebr pensionist\u00ebt q\u00eb nuk jetojn\u00eb n\u00eb Kosov\u00eb, ai ka shkruar se \u00e7do dit\u00eb shoh p\u00ebrfitues t\u00eb cil\u00ebt vijn\u00eb nga Serbia p\u00ebr t\u2019u lajm\u00ebruar q\u00eb jan\u00eb gjall\u00eb dhe lajm\u00ebrohen n\u00eb Entin Pensional n\u00eb Gjilan. Ky \u00ebsht\u00eb [&hellip;]<\/p>\n","protected":false},"author":1,"featured_media":180461,"comment_status":"closed","ping_status":"closed","sticky":false,"template":"","format":"standard","meta":{"footnotes":""},"categories":[5],"tags":[],"class_list":{"0":"post-180460","1":"post","2":"type-post","3":"status-publish","4":"format-standard","5":"has-post-thumbnail","7":"category-lajme"},"_links":{"self":[{"href":"https:\/\/radiostargjilan.com\/web\/wp-json\/wp\/v2\/posts\/180460","targetHints":{"allow":["GET"]}}],"collection":[{"href":"https:\/\/radiostargjilan.com\/web\/wp-json\/wp\/v2\/posts"}],"about":[{"href":"https:\/\/radiostargjilan.com\/web\/wp-json\/wp\/v2\/types\/post"}],"author":[{"embeddable":true,"href":"https:\/\/radiostargjilan.com\/web\/wp-json\/wp\/v2\/users\/1"}],"replies":[{"embeddable":true,"href":"https:\/\/radiostargjilan.com\/web\/wp-json\/wp\/v2\/comments?post=180460"}],"version-history":[{"count":0,"href":"https:\/\/radiostargjilan.com\/web\/wp-json\/wp\/v2\/posts\/180460\/revisions"}],"wp:featuredmedia":[{"embeddable":true,"href":"https:\/\/radiostargjilan.com\/web\/wp-json\/wp\/v2\/media\/180461"}],"wp:attachment":[{"href":"https:\/\/radiostargjilan.com\/web\/wp-json\/wp\/v2\/media?parent=180460"}],"wp:term":[{"taxonomy":"category","embeddable":true,"href":"https:\/\/radiostargjilan.com\/web\/wp-json\/wp\/v2\/categories?post=180460"},{"taxonomy":"post_tag","embeddable":true,"href":"https:\/\/radiostargjilan.com\/web\/wp-json\/wp\/v2\/tags?post=180460"}],"curies":[{"name":"wp","href":"https:\/\/api.w.org\/{rel}","templated":true}]}}