{"id":180509,"date":"2024-09-13T10:17:16","date_gmt":"2024-09-13T08:17:16","guid":{"rendered":"https:\/\/radiostargjilan.com\/web\/?p=180509"},"modified":"2024-09-13T10:17:16","modified_gmt":"2024-09-13T08:17:16","slug":"arberesha-hyseni-kryeziu-viziton-shkollen-don-bosko-ne-gjilan-diskuton-rendesine-e-dites-se-demokracise","status":"publish","type":"post","link":"https:\/\/radiostargjilan.com\/web\/arberesha-hyseni-kryeziu-viziton-shkollen-don-bosko-ne-gjilan-diskuton-rendesine-e-dites-se-demokracise\/","title":{"rendered":"Arb\u00ebresha Hyseni-Kryeziu viziton shkoll\u00ebn &#8216;Don Bosko&#8217; n\u00eb Gjilan, diskuton r\u00ebnd\u00ebsin\u00eb e Dit\u00ebs s\u00eb Demokracis\u00eb"},"content":{"rendered":"<p>Arb\u00ebresha Hyseni-Kryeziu viziton shkoll\u00ebn &#8216;Don Bosko&#8217; n\u00eb Gjilan, diskuton r\u00ebnd\u00ebsin\u00eb e Dit\u00ebs s\u00eb Demokracis\u00eb<\/p>\n<p>Deputetja e Kuvendit t\u00eb Kosov\u00ebs, Arb\u00ebresha Kryeziu Hyseni, sot e ka filluar dit\u00ebn n\u00eb shkoll\u00ebn &#8220;Don Bosko&#8221; n\u00eb Gjilan, ku para nx\u00ebn\u00ebsve ka folur p\u00ebr Dit\u00ebn e Demokracis\u00eb. Ajo theksoi r\u00ebnd\u00ebsin\u00eb e madhe q\u00eb kjo dit\u00eb ka p\u00ebr secilin prej nesh.<\/p>\n<p>Shkrimi i plot\u00eb:<\/p>\n<p>E nis\u00ebm dit\u00ebn sot, me nx\u00ebn\u00ebsit e shkoll\u00ebs &#8220;Don Bosko&#8221; n\u00eb Gjilan. <\/p>\n<p>Kemi fol p\u00ebr Dit\u00ebn e Demokracis\u00eb dhe r\u00ebnd\u00ebsin\u00eb e kontributit t\u00eb secilit prej nesh n\u00eb k\u00ebt\u00eb drejtim. <\/p>\n<p>K\u00ebnaq\u00ebsi t\u00eb jesh n\u00eb mesin e k\u00ebsaj gjenerate t\u00eb art\u00eb e t\u00eb ndritur. <\/p>\n<p>Faleminderit m\u00ebsueses Kaltrina p\u00ebr ftes\u00ebn.<\/p>\n","protected":false},"excerpt":{"rendered":"<p>Arb\u00ebresha Hyseni-Kryeziu viziton shkoll\u00ebn &#8216;Don Bosko&#8217; n\u00eb Gjilan, diskuton r\u00ebnd\u00ebsin\u00eb e Dit\u00ebs s\u00eb Demokracis\u00eb Deputetja e Kuvendit t\u00eb Kosov\u00ebs, Arb\u00ebresha Kryeziu Hyseni, sot e ka filluar dit\u00ebn n\u00eb shkoll\u00ebn &#8220;Don Bosko&#8221; n\u00eb Gjilan, ku para nx\u00ebn\u00ebsve ka folur p\u00ebr Dit\u00ebn e Demokracis\u00eb. Ajo theksoi r\u00ebnd\u00ebsin\u00eb e madhe q\u00eb kjo dit\u00eb ka p\u00ebr secilin prej nesh. [&hellip;]<\/p>\n","protected":false},"author":1,"featured_media":180510,"comment_status":"closed","ping_status":"closed","sticky":false,"template":"","format":"standard","meta":{"footnotes":""},"categories":[5],"tags":[],"class_list":{"0":"post-180509","1":"post","2":"type-post","3":"status-publish","4":"format-standard","5":"has-post-thumbnail","7":"category-lajme"},"_links":{"self":[{"href":"https:\/\/radiostargjilan.com\/web\/wp-json\/wp\/v2\/posts\/180509","targetHints":{"allow":["GET"]}}],"collection":[{"href":"https:\/\/radiostargjilan.com\/web\/wp-json\/wp\/v2\/posts"}],"about":[{"href":"https:\/\/radiostargjilan.com\/web\/wp-json\/wp\/v2\/types\/post"}],"author":[{"embeddable":true,"href":"https:\/\/radiostargjilan.com\/web\/wp-json\/wp\/v2\/users\/1"}],"replies":[{"embeddable":true,"href":"https:\/\/radiostargjilan.com\/web\/wp-json\/wp\/v2\/comments?post=180509"}],"version-history":[{"count":0,"href":"https:\/\/radiostargjilan.com\/web\/wp-json\/wp\/v2\/posts\/180509\/revisions"}],"wp:featuredmedia":[{"embeddable":true,"href":"https:\/\/radiostargjilan.com\/web\/wp-json\/wp\/v2\/media\/180510"}],"wp:attachment":[{"href":"https:\/\/radiostargjilan.com\/web\/wp-json\/wp\/v2\/media?parent=180509"}],"wp:term":[{"taxonomy":"category","embeddable":true,"href":"https:\/\/radiostargjilan.com\/web\/wp-json\/wp\/v2\/categories?post=180509"},{"taxonomy":"post_tag","embeddable":true,"href":"https:\/\/radiostargjilan.com\/web\/wp-json\/wp\/v2\/tags?post=180509"}],"curies":[{"name":"wp","href":"https:\/\/api.w.org\/{rel}","templated":true}]}}