{"id":180619,"date":"2024-09-14T19:00:38","date_gmt":"2024-09-14T17:00:38","guid":{"rendered":"https:\/\/radiostargjilan.com\/web\/?p=180619"},"modified":"2024-09-14T19:00:38","modified_gmt":"2024-09-14T17:00:38","slug":"dafina-zeqiri-publikon-kengen-e-re","status":"publish","type":"post","link":"https:\/\/radiostargjilan.com\/web\/dafina-zeqiri-publikon-kengen-e-re\/","title":{"rendered":"Dafina Zeqiri publikon k\u00ebng\u00ebn e re"},"content":{"rendered":"<p>K\u00ebng\u00ebtarja e mir\u00ebnjohur, Dafina Zeqiri ka publikuar projektin e saj m\u00eb t\u00eb ri.<\/p>\n<p>Ajo ka ardhur edhe nj\u00ebher\u00eb n\u00eb duet me reperin, Lumi B, shkruan Klankosova.tv.<\/p>\n<p>K\u00ebnga mban titullin \u201cFlak\u00ebn vet ja dhe\u201d, me tekstin e shkruar nga Dafina, Lumi B dhe Ellinelli.<\/p>\n<p>Ende pa u b\u00eb 24 or\u00eb nga martesa e Dafin\u00ebs, ajo iu rikthye vrullsh\u00ebm pun\u00ebs.<\/p>\n<p><iframe loading=\"lazy\" title=\"Dafina Zeqiri &amp; Lumi B - Flaken vet ja dhe\" width=\"1240\" height=\"698\" src=\"https:\/\/www.youtube.com\/embed\/_N_1JBOmN34?feature=oembed\" frameborder=\"0\" allow=\"accelerometer; autoplay; clipboard-write; encrypted-media; gyroscope; picture-in-picture; web-share\" referrerpolicy=\"strict-origin-when-cross-origin\" allowfullscreen><\/iframe><\/p>\n","protected":false},"excerpt":{"rendered":"<p>K\u00ebng\u00ebtarja e mir\u00ebnjohur, Dafina Zeqiri ka publikuar projektin e saj m\u00eb t\u00eb ri. Ajo ka ardhur edhe nj\u00ebher\u00eb n\u00eb duet me reperin, Lumi B, shkruan Klankosova.tv. K\u00ebnga mban titullin \u201cFlak\u00ebn vet ja dhe\u201d, me tekstin e shkruar nga Dafina, Lumi B dhe Ellinelli. Ende pa u b\u00eb 24 or\u00eb nga martesa e Dafin\u00ebs, ajo iu [&hellip;]<\/p>\n","protected":false},"author":1,"featured_media":180620,"comment_status":"closed","ping_status":"closed","sticky":false,"template":"","format":"standard","meta":{"footnotes":""},"categories":[9],"tags":[],"class_list":{"0":"post-180619","1":"post","2":"type-post","3":"status-publish","4":"format-standard","5":"has-post-thumbnail","7":"category-magazina"},"_links":{"self":[{"href":"https:\/\/radiostargjilan.com\/web\/wp-json\/wp\/v2\/posts\/180619","targetHints":{"allow":["GET"]}}],"collection":[{"href":"https:\/\/radiostargjilan.com\/web\/wp-json\/wp\/v2\/posts"}],"about":[{"href":"https:\/\/radiostargjilan.com\/web\/wp-json\/wp\/v2\/types\/post"}],"author":[{"embeddable":true,"href":"https:\/\/radiostargjilan.com\/web\/wp-json\/wp\/v2\/users\/1"}],"replies":[{"embeddable":true,"href":"https:\/\/radiostargjilan.com\/web\/wp-json\/wp\/v2\/comments?post=180619"}],"version-history":[{"count":0,"href":"https:\/\/radiostargjilan.com\/web\/wp-json\/wp\/v2\/posts\/180619\/revisions"}],"wp:featuredmedia":[{"embeddable":true,"href":"https:\/\/radiostargjilan.com\/web\/wp-json\/wp\/v2\/media\/180620"}],"wp:attachment":[{"href":"https:\/\/radiostargjilan.com\/web\/wp-json\/wp\/v2\/media?parent=180619"}],"wp:term":[{"taxonomy":"category","embeddable":true,"href":"https:\/\/radiostargjilan.com\/web\/wp-json\/wp\/v2\/categories?post=180619"},{"taxonomy":"post_tag","embeddable":true,"href":"https:\/\/radiostargjilan.com\/web\/wp-json\/wp\/v2\/tags?post=180619"}],"curies":[{"name":"wp","href":"https:\/\/api.w.org\/{rel}","templated":true}]}}