{"id":180622,"date":"2024-09-14T19:31:42","date_gmt":"2024-09-14T17:31:42","guid":{"rendered":"https:\/\/radiostargjilan.com\/web\/?p=180622"},"modified":"2024-09-14T19:31:42","modified_gmt":"2024-09-14T17:31:42","slug":"zekrija-ramadani-shprehet-optimist-para-ndeshjes-me-llapin","status":"publish","type":"post","link":"https:\/\/radiostargjilan.com\/web\/zekrija-ramadani-shprehet-optimist-para-ndeshjes-me-llapin\/","title":{"rendered":"Zekrija Ramadani shprehet optimist para ndeshjes me Llapin"},"content":{"rendered":"<p>Ramadani: Nes\u00ebr kryendeshja e xhiros n\u00eb Podujev\u00eb<\/p>\n<p>N\u00eb kuad\u00ebr t\u00eb jav\u00ebs s\u00eb 5-t\u00eb t\u00eb garave n\u00eb Superlig\u00eb nes\u00ebr takohemi me FC Llapi n\u00eb Podujev\u00eb.<\/p>\n<p>N\u00eb hyrje t\u00eb konferenc\u00ebs me gazetar\u00eb, kryetrajneri Zekirija Ramadani tha se neser na pret kryendeshja e k\u00ebsaj xhiroje.<\/p>\n<p>&#8220;Kemi p\u00ebrball\u00eb nj\u00eb skuad\u00ebr q\u00eb i ka objektivat e njejta me skuadr\u00ebn ton\u00eb. Gjithsesi, mendoj se jemi mir\u00eb n\u00eb aspektin psikologjik, pasi gjiron e par\u00eb pat\u00ebm nj\u00eb fitore ndaj Ferizajit dhe pat\u00ebm paraqitje t\u00eb mira n\u00eb Evrop\u00eb, nd\u00ebrsa FC Llapi \u00ebsht\u00eb n\u00eb nj\u00eb kriz\u00eb rezultatesh por shpresoj q\u00eb ajo kriz\u00eb t\u00eb mos mbaroj me neve. Ne shkojm\u00eb p\u00ebr fitore, kam besim te futbollist\u00ebt, shpresojm\u00eb q\u00eb t\u00eb gjejm\u00eb formacionin m\u00eb n\u00eb form\u00eb p\u00ebr t\u00eb dh\u00ebn\u00eb maksimumin dhe t\u00eb kthehemi me fitore nga Podujeva&#8221;, ka th\u00ebn\u00eb fillimisht Ramadani.<\/p>\n<p>Sa i p\u00ebrket rezultateve n\u00eb ndeshjet evropiane dhe rikthimin n\u00eb Superlig\u00eb, trajneri, Zekirija Ramadani theksoi se futbollist\u00ebt profesionist\u00eb q\u00eb ka FC DRITA nuk e kan\u00eb problem motivimin.<\/p>\n<p>&#8220;Un\u00eb mendoj q\u00eb \u00e7el\u00ebsi i suksesit \u00ebsht\u00eb konkurrenca brenda grupit, sepse n\u00ebse nj\u00ebri mungon apo l\u00ebndohet mund t\u00eb z\u00ebvend\u00ebsohet. Sa i p\u00ebrket motivimit, ata jan\u00eb t\u00eb gjith\u00eb futbollist\u00eb profesionist\u00eb dhe e din q\u00eb Evropa mori fund, por ndeshja q\u00eb zhvillohet neser na d\u00ebrgon n\u00eb Evrop\u00eb. Ndeshjet do t&#8217;i marrim nj\u00eb nga nj\u00eb,  me shum\u00eb seriozitet por si\u00e7 e ceka konkurrenca e sh\u00ebndosh\u00eb brenda grupit \u00ebsht\u00eb \u00e7el\u00ebsi i gjith\u00e7kaje&#8221;, e ka p\u00ebrfunduar k\u00ebt\u00eb tem\u00eb kryetrajneri yn\u00eb.<\/p>\n<p>Trajneri Ramadani tha se \u00ebsht\u00eb optimist dhe se fjala pesimist nuk ka t\u00eb b\u00ebj\u00eb me t\u00eb dhe klubin q\u00eb ai drejton.<\/p>\n<p>Ndeshja FC Llapi &#8211; FC DRITA zhvillohet nes\u00ebr, e diel\u00eb, ora 15:00 n\u00eb Stadiumin &#8220;Zahir Pajaziti&#8221;, n\u00eb Podujev\u00eb.<\/p>\n","protected":false},"excerpt":{"rendered":"<p>Ramadani: Nes\u00ebr kryendeshja e xhiros n\u00eb Podujev\u00eb N\u00eb kuad\u00ebr t\u00eb jav\u00ebs s\u00eb 5-t\u00eb t\u00eb garave n\u00eb Superlig\u00eb nes\u00ebr takohemi me FC Llapi n\u00eb Podujev\u00eb. N\u00eb hyrje t\u00eb konferenc\u00ebs me gazetar\u00eb, kryetrajneri Zekirija Ramadani tha se neser na pret kryendeshja e k\u00ebsaj xhiroje. &#8220;Kemi p\u00ebrball\u00eb nj\u00eb skuad\u00ebr q\u00eb i ka objektivat e njejta me skuadr\u00ebn ton\u00eb. [&hellip;]<\/p>\n","protected":false},"author":1,"featured_media":180623,"comment_status":"closed","ping_status":"closed","sticky":false,"template":"","format":"standard","meta":{"footnotes":""},"categories":[7],"tags":[],"class_list":{"0":"post-180622","1":"post","2":"type-post","3":"status-publish","4":"format-standard","5":"has-post-thumbnail","7":"category-sports"},"_links":{"self":[{"href":"https:\/\/radiostargjilan.com\/web\/wp-json\/wp\/v2\/posts\/180622","targetHints":{"allow":["GET"]}}],"collection":[{"href":"https:\/\/radiostargjilan.com\/web\/wp-json\/wp\/v2\/posts"}],"about":[{"href":"https:\/\/radiostargjilan.com\/web\/wp-json\/wp\/v2\/types\/post"}],"author":[{"embeddable":true,"href":"https:\/\/radiostargjilan.com\/web\/wp-json\/wp\/v2\/users\/1"}],"replies":[{"embeddable":true,"href":"https:\/\/radiostargjilan.com\/web\/wp-json\/wp\/v2\/comments?post=180622"}],"version-history":[{"count":0,"href":"https:\/\/radiostargjilan.com\/web\/wp-json\/wp\/v2\/posts\/180622\/revisions"}],"wp:featuredmedia":[{"embeddable":true,"href":"https:\/\/radiostargjilan.com\/web\/wp-json\/wp\/v2\/media\/180623"}],"wp:attachment":[{"href":"https:\/\/radiostargjilan.com\/web\/wp-json\/wp\/v2\/media?parent=180622"}],"wp:term":[{"taxonomy":"category","embeddable":true,"href":"https:\/\/radiostargjilan.com\/web\/wp-json\/wp\/v2\/categories?post=180622"},{"taxonomy":"post_tag","embeddable":true,"href":"https:\/\/radiostargjilan.com\/web\/wp-json\/wp\/v2\/tags?post=180622"}],"curies":[{"name":"wp","href":"https:\/\/api.w.org\/{rel}","templated":true}]}}